{"id":4,"date":"2013-05-15T23:08:00","date_gmt":"2013-05-15T21:08:00","guid":{"rendered":"http:\/\/sptja.com\/marche\/2013\/05\/15\/lasbl-s-p-t-j-a-sports-lesves-profondeville-organise-une-marche-adeps\/"},"modified":"2013-05-15T23:08:00","modified_gmt":"2013-05-15T21:08:00","slug":"lasbl-s-p-t-j-a-sports-lesves-profondeville-organise-une-marche-adeps","status":"publish","type":"post","link":"http:\/\/sptja.com\/marche\/2013\/05\/15\/lasbl-s-p-t-j-a-sports-lesves-profondeville-organise-une-marche-adeps\/","title":{"rendered":"L\u00a0\u00bbAsbl S.P.T.J.A. Sports Lesves (Profondeville) organise une marche Adeps"},"content":{"rendered":"<p>&nbsp;<\/p>\n<p style=\"text-align: center\"><img decoding=\"async\" id=\"media-10153945\" style=\"margin: 0.7em 0\" title=\"\" src=\"http:\/\/sptja.com\/media\/218266\/marcheur1sptja1sports1lesves.jpg\" alt=\"marches,balades,loisirs,\" \/><\/p>\n<p><span style=\"color: #800000\"><span style=\"font-size: medium\"><em><strong><span class=\"userContent\">&nbsp;<\/span><\/strong><\/em><\/span><\/span><\/p>\n<p><span style=\"color: #800000\"><span style=\"font-size: medium\"><em><strong><span class=\"userContent\"><span style=\"color: #000000\">L\u00a0\u00bbAsbl S.P.T.J.A. Sports Lesves (Profondeville) organise une marche Adeps<\/span><br \/><span style=\"color: #000000\"> Rue du Bourdon 2 5170 Lesves (Profondeville)<\/span> <br \/> <\/span><\/strong><\/em><\/span><\/span><\/p>\n<p><span style=\"color: #0000ff;font-size: large\"><em><strong><span class=\"userContent\">\u00a0\u00bb Petite restauration\u00a0\u00bb<\/span><\/strong><\/em><\/span><\/p>\n<p><span style=\"color: #800000\"><span style=\"font-size: medium\"><em><strong><span class=\"userContent\">Point Vert activit\u00e9 sportive de plein air, organis\u00e9e en Communaut\u00e9 fran\u00e7aise, le dimanches 18 mai 2014 une \u00ab\u00a0Marche Adeps\u00a0\u00bb ouverte \u00e0 tous, \u00e0 pratiquer \u00e0 son rythme, seul ou accompagn\u00e9, sans aucune contrainte et \u00e0 choisir en fonction de la forme du moment marche (5, 10, 15, 20 km)<br \/> Info: <\/span><\/strong><\/em><\/span><span style=\"font-size: medium\"><em><strong><span class=\"userContent\">0032(0)475205804 ou <\/span><\/strong><\/em><\/span><\/span><span style=\"color: #800000\"><span style=\"font-size: medium\"><em><strong><span class=\"userContent\">0032(0)473583936&nbsp; Website : <span style=\"font-size: x-large\"><a href=\"http:\/\/www.adeps.be\/index.asp?m=pv_detail&amp;i=18377\" target=\"_blank\">index.asp?m=pv_detail&amp;i=18377<\/a><\/span><br \/><\/span><\/strong><\/em><\/span><\/span><\/p>\n","protected":false},"excerpt":{"rendered":"<p>&nbsp; &nbsp; L\u00a0\u00bbAsbl S.P.T.J.A. Sports Lesves (Profondeville) organise une marche Adeps Rue du Bourdon 2 5170 Lesves (Profondeville) \u00a0\u00bb Petite restauration\u00a0\u00bb Point Vert activit\u00e9 sportive de plein air, organis\u00e9e en Communaut\u00e9 fran\u00e7aise, le dimanches 18 mai 2014 une \u00ab\u00a0Marche Adeps\u00a0\u00bb ouverte \u00e0 tous, \u00e0 pratiquer \u00e0 son rythme, seul ou accompagn\u00e9, sans aucune contrainte et &hellip; <\/p>\n<p class=\"link-more\"><a href=\"http:\/\/sptja.com\/marche\/2013\/05\/15\/lasbl-s-p-t-j-a-sports-lesves-profondeville-organise-une-marche-adeps\/\" class=\"more-link\">Continue reading<span class=\"screen-reader-text\"> \u00ab\u00a0L\u00a0\u00bbAsbl S.P.T.J.A. Sports Lesves (Profondeville) organise une marche Adeps\u00a0\u00bb<\/span><\/a><\/p>\n","protected":false},"author":3,"featured_media":0,"comment_status":"closed","ping_status":"open","sticky":false,"template":"","format":"standard","meta":[],"categories":[2,6,5,7,3,4],"tags":[],"_links":{"self":[{"href":"http:\/\/sptja.com\/marche\/wp-json\/wp\/v2\/posts\/4"}],"collection":[{"href":"http:\/\/sptja.com\/marche\/wp-json\/wp\/v2\/posts"}],"about":[{"href":"http:\/\/sptja.com\/marche\/wp-json\/wp\/v2\/types\/post"}],"author":[{"embeddable":true,"href":"http:\/\/sptja.com\/marche\/wp-json\/wp\/v2\/users\/3"}],"replies":[{"embeddable":true,"href":"http:\/\/sptja.com\/marche\/wp-json\/wp\/v2\/comments?post=4"}],"version-history":[{"count":0,"href":"http:\/\/sptja.com\/marche\/wp-json\/wp\/v2\/posts\/4\/revisions"}],"wp:attachment":[{"href":"http:\/\/sptja.com\/marche\/wp-json\/wp\/v2\/media?parent=4"}],"wp:term":[{"taxonomy":"category","embeddable":true,"href":"http:\/\/sptja.com\/marche\/wp-json\/wp\/v2\/categories?post=4"},{"taxonomy":"post_tag","embeddable":true,"href":"http:\/\/sptja.com\/marche\/wp-json\/wp\/v2\/tags?post=4"}],"curies":[{"name":"wp","href":"https:\/\/api.w.org\/{rel}","templated":true}]}}