{"id":24,"date":"2018-05-21T20:53:55","date_gmt":"2018-05-21T18:53:55","guid":{"rendered":"http:\/\/sptja.com\/marche\/?p=24"},"modified":"2024-09-05T10:01:42","modified_gmt":"2024-09-05T08:01:42","slug":"lasbl-s-p-t-j-a-sports-lesves-profondeville-6eme-marche-adeps-26-05-2019","status":"publish","type":"post","link":"http:\/\/sptja.com\/marche\/2018\/05\/21\/lasbl-s-p-t-j-a-sports-lesves-profondeville-6eme-marche-adeps-26-05-2019\/","title":{"rendered":"L&rsquo;Asbl S.P.T.J.A. Sports Lesves (Profondeville) 6\u00e8me marche Adeps 26\/05\/2019"},"content":{"rendered":"<div><!--StartFragment--><\/p>\n<div>\n<div class=\"_1mf _1mj\" style=\"text-align: center\"><span style=\"font-size: 16px\"><span style=\"font-family: arial,helvetica,sans-serif\"><em><strong>Bonjour,<\/strong><\/em><\/span><\/span><\/div>\n<\/div>\n<div>\n<div class=\"_1mf _1mj\" style=\"text-align: center\"><span style=\"font-size: 16px\"><span style=\"font-family: arial,helvetica,sans-serif\"><em><strong>Je suis dans le regret de vous annoncer l&rsquo;annulation de la marche Adeps qui se tiendra \u00e0 LESVES le Dimanche 26\/05\/2019 rue du Bourdon nr 2 \u00e0 5170 LESVES<\/strong><\/em><\/span><\/span><\/div>\n<\/div>\n<div>\n<div class=\"_1mf _1mj\" style=\"text-align: center\"><span style=\"font-size: 16px\"><span style=\"font-family: arial,helvetica,sans-serif\"><em><strong>En effet, les r\u00e9centes conditions climatiques ont rendu totalement impraticables les terrains d\u00e9di\u00e9s aux parking des voitures. De plus, la zone de police de l&rsquo;entre Sambre et Meuse nous recommande tr\u00e8s vivement qu&rsquo;aucun v\u00e9hicule ne stationne le long de la route (RN940) emprunt\u00e9e par de nombreux automobilistes. La m\u00e9t\u00e9o annonce \u00e9galement des conditions climatiques tr\u00e8s pluvieuses ce prochain week-end risquant de rendre les parking davantage impraticables.<\/strong><\/em><\/span><\/span><\/div>\n<\/div>\n<div>\n<div class=\"_1mf _1mj\" style=\"text-align: center\"><span style=\"font-size: 16px\"><span style=\"font-family: arial,helvetica,sans-serif\"><em><strong>Soucieuse de la s\u00e9curit\u00e9 des marcheurs et d&rsquo;un accueil dans de bonnes conditions, l&rsquo;Asbl a pris la d\u00e9cision de ne pas organiser la marche Adeps du 26\/05\/2019.<\/strong><\/em><\/span><\/span><\/div>\n<\/div>\n<div>\n<div class=\"_1mf _1mj\" style=\"text-align: center\"><span style=\"font-size: 16px\"><span style=\"font-family: arial,helvetica,sans-serif\"><em><strong>Pour l&rsquo;Asbl<\/strong><\/em><\/span><\/span><\/div>\n<\/div>\n<div>\n<div class=\"_1mf _1mj\" style=\"text-align: center\"><span style=\"font-size: 16px\"><span style=\"font-family: arial,helvetica,sans-serif\"><em><strong>Erika Honorez<\/strong><\/em><\/span><\/span><\/div>\n<\/div>\n<div>\n<div class=\"_1mf _1mj\" style=\"text-align: center\"><span style=\"font-size: 16px\"><span style=\"font-family: arial,helvetica,sans-serif\"><em><strong>Pr\u00e9sidente<\/strong><\/em><\/span><\/span><\/div>\n<\/div>\n<p><!--EndFragment--><\/p>\n<\/div>\n<p><a href=\"http:\/\/sptja.com\/marche\/wp-content\/uploads\/sites\/16\/2018\/12\/adeps20180526sptja2lesves2.jpg\"><img decoding=\"async\" loading=\"lazy\" class=\"aligncenter size-full wp-image-30\" src=\"http:\/\/sptja.com\/marche\/wp-content\/uploads\/sites\/16\/2018\/12\/adeps20180526sptja2lesves2.jpg\" alt=\"\" width=\"640\" height=\"463\" srcset=\"http:\/\/sptja.com\/marche\/wp-content\/uploads\/sites\/16\/2018\/12\/adeps20180526sptja2lesves2.jpg 640w, http:\/\/sptja.com\/marche\/wp-content\/uploads\/sites\/16\/2018\/12\/adeps20180526sptja2lesves2-300x217.jpg 300w\" sizes=\"(max-width: 640px) 100vw, 640px\" \/><\/a><\/p>\n","protected":false},"excerpt":{"rendered":"<p>Bonjour, Je suis dans le regret de vous annoncer l&rsquo;annulation de la marche Adeps qui se tiendra \u00e0 LESVES le Dimanche 26\/05\/2019 rue du Bourdon nr 2 \u00e0 5170 LESVES En effet, les r\u00e9centes conditions climatiques ont rendu totalement impraticables les terrains d\u00e9di\u00e9s aux parking des voitures. De plus, la zone de police de l&rsquo;entre &hellip; <\/p>\n<p class=\"link-more\"><a href=\"http:\/\/sptja.com\/marche\/2018\/05\/21\/lasbl-s-p-t-j-a-sports-lesves-profondeville-6eme-marche-adeps-26-05-2019\/\" class=\"more-link\">Continue reading<span class=\"screen-reader-text\"> \u00ab\u00a0L&rsquo;Asbl S.P.T.J.A. Sports Lesves (Profondeville) 6\u00e8me marche Adeps 26\/05\/2019\u00a0\u00bb<\/span><\/a><\/p>\n","protected":false},"author":3,"featured_media":0,"comment_status":"closed","ping_status":"open","sticky":false,"template":"","format":"standard","meta":[],"categories":[11,2,6,13,12,8,5,7,9,14,10,17,3,4],"tags":[],"_links":{"self":[{"href":"http:\/\/sptja.com\/marche\/wp-json\/wp\/v2\/posts\/24"}],"collection":[{"href":"http:\/\/sptja.com\/marche\/wp-json\/wp\/v2\/posts"}],"about":[{"href":"http:\/\/sptja.com\/marche\/wp-json\/wp\/v2\/types\/post"}],"author":[{"embeddable":true,"href":"http:\/\/sptja.com\/marche\/wp-json\/wp\/v2\/users\/3"}],"replies":[{"embeddable":true,"href":"http:\/\/sptja.com\/marche\/wp-json\/wp\/v2\/comments?post=24"}],"version-history":[{"count":7,"href":"http:\/\/sptja.com\/marche\/wp-json\/wp\/v2\/posts\/24\/revisions"}],"predecessor-version":[{"id":36,"href":"http:\/\/sptja.com\/marche\/wp-json\/wp\/v2\/posts\/24\/revisions\/36"}],"wp:attachment":[{"href":"http:\/\/sptja.com\/marche\/wp-json\/wp\/v2\/media?parent=24"}],"wp:term":[{"taxonomy":"category","embeddable":true,"href":"http:\/\/sptja.com\/marche\/wp-json\/wp\/v2\/categories?post=24"},{"taxonomy":"post_tag","embeddable":true,"href":"http:\/\/sptja.com\/marche\/wp-json\/wp\/v2\/tags?post=24"}],"curies":[{"name":"wp","href":"https:\/\/api.w.org\/{rel}","templated":true}]}}