{"id":43,"date":"2008-04-14T18:53:00","date_gmt":"2008-04-14T16:53:00","guid":{"rendered":"http:\/\/sptja.com\/erika\/2008\/04\/14\/fetons-la-princesse-de-laccordeon-erika-qui-recois-laccordeon-dor-par-le-gouverneur-de-la-province-de-namur-belgique\/"},"modified":"2008-04-14T18:53:00","modified_gmt":"2008-04-14T16:53:00","slug":"fetons-la-princesse-de-laccordeon-erika-qui-recois-laccordeon-dor-par-le-gouverneur-de-la-province-de-namur-belgique","status":"publish","type":"post","link":"http:\/\/sptja.com\/erika\/2008\/04\/14\/fetons-la-princesse-de-laccordeon-erika-qui-recois-laccordeon-dor-par-le-gouverneur-de-la-province-de-namur-belgique\/","title":{"rendered":"F\u00eatons la Princesse de l&rsquo;accord\u00e9on Erika qui re\u00e7ois l&rsquo;accord\u00e9on d&rsquo;or par le Gouverneur de la province de Namur (Belgique)"},"content":{"rendered":"<p><span style=\"font-size: medium\">&nbsp;<\/span><\/p>\n<p><strong><em><span style=\"color: #000066;font-size: medium\"><span style=\"text-decoration: underline\">Mercredi 30 avril \u00e0 12 heures <\/span><\/span><\/em><\/strong><strong><em><span style=\"color: #000066;font-size: medium\">&nbsp;<\/span><\/em><\/strong><\/p>\n<p><strong><em><span style=\"color: #000066;font-size: medium\">Administration communale de <span style=\"color: #990000\"><span style=\"text-decoration: underline\">PROFONDEVILLE<\/span><\/span><\/span><\/em><\/strong><\/p>\n<p><span style=\"color: #000066\"><span style=\"font-size: medium\"><strong><em>Devant les autorit\u00e9s communales ainsi que le producteur<\/em><\/strong><span style=\"color: #000000;font-family: Garamond\"><strong><em> <\/em><\/strong><span style=\"color: #000080;font-family: Verdana\"><strong><em>Mr<\/em><\/strong> <span style=\"color: #993300\"><span style=\"text-decoration: underline\"><strong><em>Ren\u00e9 Heremans<\/em><\/strong><\/span><\/span><\/span><\/span><span style=\"color: #000080\"> <\/span><strong><em>,<\/em><\/strong><\/span><\/span><\/p>\n<p><span style=\"color: #000066;font-size: medium\"><strong><em>Monsieur le Gouverneur de la Province de&nbsp;Namur,<\/em><\/strong> <strong><em><span style=\"color: #993300\"><span style=\"text-decoration: underline\">Denis Mathen<\/span><\/span>.<\/em><\/strong><\/span><\/p>\n<p><strong><em><span style=\"color: #000066;font-size: medium\">remettra la r\u00e9compense obtenue dans le cadre de la brillante carri\u00e8re artistique <span style=\"color: #990000\"><span style=\"text-decoration: underline\">l&rsquo;Accord\u00e9on d&rsquo;Or<\/span><\/span> \u00e0 notre Princesse <\/span><\/em><\/strong><strong><em><span style=\"color: #000066;font-size: medium\">de l&rsquo;accordeon ERIKA pour 25.000 supports sonores.<\/span><\/em><\/strong><\/p>\n<p><strong><em><span style=\"color: #000066;font-size: medium\">Qu&rsquo;on se le dise!!!!<\/span><\/em><\/strong><\/p>\n<hr id=\"null\" \/>\n<p><a title=\"accordeon20080430dor1erika1sptja\" href=\"http:\/\/www.erika.be\/\" target=\"_blank\"><img decoding=\"async\" src=\"http:\/\/sptja.com\/media\/80488\/dyn006_original_503_377_pjpeg_2588413_1b8784b6a764d01072cca720a8b0fa93.jpg\" border=\"0\" alt=\"accordeon20080430dor1erika1sptja\" \/><\/a><\/p>\n<p><strong><em><span style=\"color: #000066;font-size: medium\">&nbsp;&nbsp;Nous sommes le mercredi 30 avril la princesse de l&rsquo;accord\u00e9on ERIKA est mise \u00e0 l&rsquo;honneur<\/span><\/em><\/strong><\/p>\n<hr id=\"null\" \/>\n<p><strong><em><span style=\"color: #000066;font-size: medium\"><a title=\"gouverneur1accordeon20080430dor1erika2sptja\" href=\"http:\/\/www.erika.be\/\" target=\"_blank\"><img decoding=\"async\" src=\"http:\/\/sptja.com\/media\/80488\/dyn008_original_503_377_pjpeg_2588413_9d8b2b5fa8909bab3b4472f6bbbba529.jpg\" border=\"0\" alt=\"gouverneur1accordeon20080430dor1erika2sptja\" \/><\/a><br \/>&nbsp;<\/span><\/em><\/strong><strong><em><span style=\"color: #000066;font-size: medium\">Pret pour la pose photo en compagnie du Gouverneur de la province de Namur <\/span><\/em><\/strong><\/p>\n<hr id=\"null\" \/>\n<p><strong><em><span style=\"color: #000066;font-size: medium\"><a title=\"gouverneur1accordeon20080430dor1erika3sptja\" href=\"http:\/\/www.erika.be\/\" target=\"_blank\"><img decoding=\"async\" src=\"http:\/\/sptja.com\/media\/80488\/dyn008_original_503_377_pjpeg_2588413_0450e5b7bfa6ca9b691b7995db0da288.jpg\" border=\"0\" alt=\"gouverneur1accordeon20080430dor1erika3sptja\" \/><\/a><br \/>&nbsp;<\/span><\/em><\/strong><strong><em><span style=\"color: #000066;font-size: medium\">Merci Mr le gouverneur pour cette r\u00e9compense<\/span><\/em><\/strong><\/p>\n<hr id=\"null\" \/>\n<p><strong><em><span style=\"color: #000066;font-size: medium\"><a title=\"gouverneur1accordeon20080430dor1erika4sptja\" href=\"http:\/\/www.erika.be\/\" target=\"_blank\"><img decoding=\"async\" src=\"http:\/\/sptja.com\/media\/80488\/dyn008_original_503_377_pjpeg_2588413_95d187e33780c7c26b05085aaf332cf3.jpg\" border=\"0\" alt=\"gouverneur1accordeon20080430dor1erika4sptja\" \/><\/a><br \/>&nbsp;&#8230;&#8230;&#8230;&#8230;&#8230;&#8230;&#8230;&#8230;&#8230;&#8230;&#8230;&#8230;&#8230;&#8230;&#8230;&#8230;&#8230;&#8230;&#8230;&#8230;&#8230;&#8230;&#8230;&#8230;&#8230;&#8230;&#8230;&#8230;&#8230;&#8230;..<\/span><\/em><\/strong><\/p>\n<p><strong><em><span style=\"color: #000066;font-size: medium\"><\/p>\n<p style=\"text-align: center\"><strong><em><span><a href=\"http:\/\/sptja.com\/media\/80488\/erika-denis-mathen-thumb.jpg\" target=\"_blank\"><img decoding=\"async\" id=\"media-7771692\" style=\"margin: 0.7em 0\" src=\"http:\/\/sptja.com\/media\/80488\/erika-denis-mathen.jpg\" alt=\"erika-denis-mathen.jpg\" \/><\/a><\/span><\/em><\/strong><\/p>\n<p><\/span><\/em><\/strong><\/p>\n<p><strong><em><span style=\"color: #000066;font-size: medium\">&nbsp;<\/span><\/em><\/strong><strong><em><span style=\"color: #000066;font-size: medium\">Sur un air d&rsquo;accord\u00e9on avec une jolie princesse<\/span><\/em><\/strong><\/p>\n<hr id=\"null\" \/>\n<p><a title=\"gouverneur1accordeon20080430dor1erika7sptja\" href=\"http:\/\/www.erika.be\/\" target=\"_blank\"><img decoding=\"async\" src=\"http:\/\/sptja.com\/media\/80488\/dyn001_original_360_480_pjpeg_2588413_6e448dfe980cf39cb759e58a34a9327d.jpg\" border=\"0\" alt=\"gouverneur1accordeon20080430dor1erika7sptja\" \/><\/a><\/p>\n<p><strong><em><span style=\"color: #000066;font-size: medium\">A chacun sont tour de prendre la parole,&nbsp;\u00e0 Mr le gouverneur de faire un petit discours.<\/span><\/em><\/strong><\/p>\n<hr id=\"null\" \/>\n<p><strong><em><span style=\"color: #000066;font-size: medium\">&nbsp;<\/span><\/em><\/strong><\/p>\n<p><strong><em><span style=\"color: #000066;font-size: medium\"><a title=\"gouverneur1accordeon20080430dor1erika5sptja\" href=\"http:\/\/www.erika.be\/\" target=\"_blank\"><img decoding=\"async\" src=\"http:\/\/sptja.com\/media\/80488\/dyn008_original_503_377_pjpeg_2588413_c2a62b9fb07c90cc9ae536220261d7c1.jpg\" border=\"0\" alt=\"gouverneur1accordeon20080430dor1erika5sptja\" \/><\/a><br \/>&nbsp;<\/span><\/em><\/strong><strong><em><span style=\"color: #000066;font-size: medium\">Attention! le petit oiseau va sortir&nbsp;chez les journalistes.<\/span><\/em><\/strong><\/p>\n<hr id=\"null\" \/>\n<p><strong><em><span style=\"color: #000066;font-size: medium\"><a title=\"gouverneur1accordeon20080430dor1erika6sptja\" href=\"http:\/\/www.erika.be\/\" target=\"_blank\"><img decoding=\"async\" src=\"http:\/\/sptja.com\/media\/80488\/dyn008_original_503_377_pjpeg_2588413_2321ce7cb109ff782eb58b8b17689a08.jpg\" border=\"0\" alt=\"gouverneur1accordeon20080430dor1erika6sptja\" \/><\/a><br \/>&nbsp;<\/span><\/em><\/strong><strong><em><span style=\"color: #000066;font-size: medium\">Tous ensemble autour d&rsquo;un bon verre, en vous remerciant de votre fid\u00e9lit\u00e9.<\/span><\/em><\/strong><\/p>\n<hr id=\"null\" \/>\n<p><strong><em><span style=\"color: #000066;font-size: medium\"><a title=\"gouverneur1accordeon20080430dor1erika8sptja\" href=\"http:\/\/www.erika.be\/\" target=\"_blank\"><img decoding=\"async\" src=\"http:\/\/sptja.com\/media\/80488\/dyn001_original_503_377_pjpeg_2588413_107f17590c50fb0697f1d60d3b33914e.jpg\" border=\"0\" alt=\"gouverneur1accordeon20080430dor1erika8sptja\" \/><\/a><\/span><\/em><\/strong><\/p>\n<p><strong><em><span style=\"color: #000066;font-size: medium\"><\/p>\n<hr id=\"null\" \/>\n<br \/><\/span><\/em><\/strong><\/p>\n<p><strong><em><span style=\"color: #000066;font-size: medium\">&nbsp;<\/span><\/em><\/strong><\/p>\n<p><strong><em><\/em><\/strong><\/p>\n<p><strong><em><span style=\"color: #000066;font-size: medium\"><a title=\"vers1lavenir200805021erika1profondeville\" href=\"http:\/\/www.erika.be\/\" target=\"_blank\"><img decoding=\"async\" src=\"http:\/\/sptja.com\/media\/80488\/dyn001_original_503_390_pjpeg_2588413_123d2d2b1c27cea29797d3d94bc3bd98.jpg\" border=\"0\" alt=\"vers1lavenir200805021erika1profondeville\" \/><\/a><br \/>&nbsp;<\/span><\/em><\/strong><\/p>\n<p><strong><em><\/em><\/strong><\/p>\n<p><strong><em><span style=\"color: #000066;font-size: medium\"><a title=\"vers-l'avenir-erika-30-04-2008\" href=\"http:\/\/www.erika.be\/\" target=\"_blank\"><img decoding=\"async\" src=\"http:\/\/sptja.com\/media\/80488\/dyn008_original_396_618_pjpeg_2588413_86e065a8f92a5335473fd506862023d5.jpg\" border=\"0\" alt=\"vers-l'avenir-erika-30-04-2008\" \/><\/a><\/span><\/em><\/strong><\/p>\n<p><strong><em><span style=\"color: #000066;font-size: medium\"><\/p>\n<p>Extrait du journal Vers-L&rsquo;avenir du 02\/05\/2008<\/p>\n<p>FREDDY GILLAIN<\/p>\n<hr id=\"null\" \/>\n<\/span><\/em><\/strong><\/p>\n<p><strong><em><span style=\"color: #000066;font-size: medium\"><a title=\"profondeville20080514sptja2erika\" href=\"http:\/\/www.erika.be\/\" target=\"_blank\"><img decoding=\"async\" src=\"http:\/\/sptja.com\/media\/80488\/dyn003_original_700_272_pjpeg_2588413_6c1b25229edc5ac73dfe932a5365b5a1.jpg\" border=\"0\" alt=\"profondeville20080514sptja2erika\" \/><\/a><br \/><\/span><\/em><\/strong><\/p>\n<p><strong><span style=\"color: #000066;font-size: medium\"><em>Extrait du bulletin communal d&rsquo;information bimestriel&nbsp;09 mai 2008.<\/em><\/span><\/strong><\/p>\n<hr id=\"null\" \/>\n<p><strong><span style=\"color: #000066;font-size: medium\"><a title=\"erika20080521vlan1plubi1namur2sptja\" href=\"http:\/\/www.erika.be\/\" target=\"_blank\"><em><img decoding=\"async\" src=\"http:\/\/sptja.com\/media\/80488\/dyn005_original_503_739_pjpeg_2588413_e1af311b877b227d67c7f06dd51e3423.jpg\" border=\"0\" alt=\"erika20080521vlan1plubi1namur2sptja\" \/><\/em><\/a><\/p>\n<p>&nbsp;<em>&nbsp;<\/em><\/span><\/strong><strong><span style=\"color: #000066;font-size: medium\"><em>Extrait du Magazine PLUBLI VLAN NAMUR <\/em><\/span><\/strong><\/p>\n<p><strong><span style=\"color: #000066;font-size: medium\"><em>&nbsp;&nbsp;du 21 mai 2008<\/em><\/span><\/strong><\/p>\n<p><strong><span style=\"color: #000066;font-size: medium\"><em>&nbsp;Ch. MASSAUX<\/em><\/span><\/strong><strong><span style=\"color: #000066;font-size: medium\"> <\/span><\/strong><\/p>\n<p><strong><span style=\"color: #000066;font-size: medium\"><\/p>\n<hr id=\"null\" \/>\n<\/span><\/strong><\/p>\n<p><strong><span style=\"color: #000066;font-size: medium\"><a title=\"profondeville20080529erika2sptja\" href=\"http:\/\/www.erika.be\/\" target=\"_blank\"><img decoding=\"async\" src=\"http:\/\/sptja.com\/media\/80488\/dyn010_original_496_640_pjpeg_2588413_92948bea851d4a2f85014cfee1bf889e.jpg\" border=\"0\" alt=\"profondeville20080529erika2sptja\" \/><\/a><\/span><\/strong><\/p>\n<p><strong><\/strong><strong><span style=\"color: #000066;font-size: medium\"><\/p>\n<hr id=\"null\" \/>\n<\/p>\n<p><em>&nbsp;&nbsp;&nbsp;&nbsp;&nbsp;&nbsp;&nbsp;&nbsp;&nbsp;&nbsp;&nbsp;&nbsp; <\/em><\/p>\n<p><\/span><\/strong><\/p>\n","protected":false},"excerpt":{"rendered":"<p>&nbsp; Mercredi 30 avril \u00e0 12 heures &nbsp; Administration communale de PROFONDEVILLE Devant les autorit\u00e9s communales ainsi que le producteur Mr Ren\u00e9 Heremans , Monsieur le Gouverneur de la Province de&nbsp;Namur, Denis Mathen. remettra la r\u00e9compense obtenue dans le cadre de la brillante carri\u00e8re artistique l&rsquo;Accord\u00e9on d&rsquo;Or \u00e0 notre Princesse de l&rsquo;accordeon ERIKA pour 25.000 &hellip; <\/p>\n<p class=\"link-more\"><a href=\"http:\/\/sptja.com\/erika\/2008\/04\/14\/fetons-la-princesse-de-laccordeon-erika-qui-recois-laccordeon-dor-par-le-gouverneur-de-la-province-de-namur-belgique\/\" class=\"more-link\">Continue reading<span class=\"screen-reader-text\"> \u00ab\u00a0F\u00eatons la Princesse de l&rsquo;accord\u00e9on Erika qui re\u00e7ois l&rsquo;accord\u00e9on d&rsquo;or par le Gouverneur de la province de Namur (Belgique)\u00a0\u00bb<\/span><\/a><\/p>\n","protected":false},"author":3,"featured_media":0,"comment_status":"closed","ping_status":"open","sticky":false,"template":"","format":"standard","meta":[],"categories":[4,3,5,8,6,7,2],"tags":[],"_links":{"self":[{"href":"http:\/\/sptja.com\/erika\/wp-json\/wp\/v2\/posts\/43"}],"collection":[{"href":"http:\/\/sptja.com\/erika\/wp-json\/wp\/v2\/posts"}],"about":[{"href":"http:\/\/sptja.com\/erika\/wp-json\/wp\/v2\/types\/post"}],"author":[{"embeddable":true,"href":"http:\/\/sptja.com\/erika\/wp-json\/wp\/v2\/users\/3"}],"replies":[{"embeddable":true,"href":"http:\/\/sptja.com\/erika\/wp-json\/wp\/v2\/comments?post=43"}],"version-history":[{"count":0,"href":"http:\/\/sptja.com\/erika\/wp-json\/wp\/v2\/posts\/43\/revisions"}],"wp:attachment":[{"href":"http:\/\/sptja.com\/erika\/wp-json\/wp\/v2\/media?parent=43"}],"wp:term":[{"taxonomy":"category","embeddable":true,"href":"http:\/\/sptja.com\/erika\/wp-json\/wp\/v2\/categories?post=43"},{"taxonomy":"post_tag","embeddable":true,"href":"http:\/\/sptja.com\/erika\/wp-json\/wp\/v2\/tags?post=43"}],"curies":[{"name":"wp","href":"https:\/\/api.w.org\/{rel}","templated":true}]}}