{"id":40,"date":"2008-03-15T21:27:57","date_gmt":"2008-03-15T20:27:57","guid":{"rendered":"http:\/\/sptja.com\/erika\/2008\/03\/15\/residence-3-eme-age-a-la-louviere-belgique\/"},"modified":"2020-12-21T15:13:10","modified_gmt":"2020-12-21T14:13:10","slug":"residence-3-eme-age-a-la-louviere-belgique","status":"publish","type":"post","link":"http:\/\/sptja.com\/erika\/2008\/03\/15\/residence-3-eme-age-a-la-louviere-belgique\/","title":{"rendered":"R\u00e9sidence 3 \u00e8me age \u00e0 La Louvi\u00e8re (Belgique)."},"content":{"rendered":"<p><a title=\"erika20080313la1louviere1sptja\" href=\"http:\/\/www.erika.be\/\" target=\"_blank\" rel=\"noopener noreferrer\"><img decoding=\"async\" class=\"aligncenter\" src=\"http:\/\/sptja.com\/media\/80488\/dyn002_original_503_377_pjpeg_2588413_d29558dcd87ea7b9a2a4f66e6aa27daf.jpg\" alt=\"erika20080313la1louviere1sptja\" border=\"0\" \/><\/a><\/p>\n<p style=\"text-align: center\"><strong><em><span style=\"font-size: medium\">Rencontre avec les seniors de la Louvi\u00e8re.<\/span><\/em><\/strong><\/p>\n<p><a title=\"erika20080313la1louviere2sptja\" href=\"http:\/\/www.erika.be\/\" target=\"_blank\" rel=\"noopener noreferrer\"><img decoding=\"async\" class=\"aligncenter\" src=\"http:\/\/sptja.com\/media\/80488\/dyn002_original_503_377_pjpeg_2588413_b58d8c778c768d63aaef45d4ebf40eeb.jpg\" alt=\"erika20080313la1louviere2sptja\" border=\"0\" \/><\/a><\/p>\n<p style=\"text-align: center\"><em><strong><span style=\"font-size: medium\">Un petit air d&rsquo;accord\u00e9on pour raviver les souvenirs bien enfuis.<\/span><\/strong><\/em><\/p>\n<p><a title=\"erika20080313la1louviere3sptja\" href=\"http:\/\/www.erika.be\/\" target=\"_blank\" rel=\"noopener noreferrer\"><img decoding=\"async\" class=\"aligncenter\" src=\"http:\/\/sptja.com\/media\/80488\/dyn002_original_503_377_pjpeg_2588413_a9814e23efa8165e5f6aeacf6f98e3a9.jpg\" alt=\"erika20080313la1louviere3sptja\" border=\"0\" \/><\/a><\/p>\n<p style=\"text-align: center\"><strong><em><span style=\"font-size: medium\">Les r\u00e9sidents sont en forme et\u00a0se mettent\u00a0\u00e0\u00a0danser une farandolle pour quelques secondes.<\/span><\/em><\/strong><\/p>\n<p><a title=\"erika20080313la1louviere4sptja\" href=\"http:\/\/www.erika.be\/\" target=\"_blank\" rel=\"noopener noreferrer\"><img decoding=\"async\" class=\"aligncenter\" src=\"http:\/\/sptja.com\/media\/80488\/dyn002_original_503_377_pjpeg_2588413_1cdb27a94ce2e4492fe449703df09e71.jpg\" alt=\"erika20080313la1louviere4sptja\" border=\"0\" \/><\/a><\/p>\n<p style=\"text-align: center\"><strong><em><span style=\"font-size: medium\">Le cuisto est mis\u00a0\u00e0 contribution pour emmener le petit train de l&rsquo;amiti\u00e9.<\/span><\/em><\/strong><\/p>\n<p><a title=\"erika20080313la1louviere5sptja\" href=\"http:\/\/www.erika.be\/\" target=\"_blank\" rel=\"noopener noreferrer\"><img decoding=\"async\" class=\"aligncenter\" src=\"http:\/\/sptja.com\/media\/80488\/dyn002_original_503_377_pjpeg_2588413_7074c43bdc7315cc4b5a1bfc26ee2ffc.jpg\" alt=\"erika20080313la1louviere5sptja\" border=\"0\" \/><\/a><\/p>\n","protected":false},"excerpt":{"rendered":"<p>Rencontre avec les seniors de la Louvi\u00e8re. Un petit air d&rsquo;accord\u00e9on pour raviver les souvenirs bien enfuis. Les r\u00e9sidents sont en forme et\u00a0se mettent\u00a0\u00e0\u00a0danser une farandolle pour quelques secondes. Le cuisto est mis\u00a0\u00e0 contribution pour emmener le petit train de l&rsquo;amiti\u00e9.<\/p>\n","protected":false},"author":3,"featured_media":0,"comment_status":"closed","ping_status":"open","sticky":false,"template":"","format":"standard","meta":[],"categories":[4,96,10,110,63,21,78],"tags":[],"_links":{"self":[{"href":"http:\/\/sptja.com\/erika\/wp-json\/wp\/v2\/posts\/40"}],"collection":[{"href":"http:\/\/sptja.com\/erika\/wp-json\/wp\/v2\/posts"}],"about":[{"href":"http:\/\/sptja.com\/erika\/wp-json\/wp\/v2\/types\/post"}],"author":[{"embeddable":true,"href":"http:\/\/sptja.com\/erika\/wp-json\/wp\/v2\/users\/3"}],"replies":[{"embeddable":true,"href":"http:\/\/sptja.com\/erika\/wp-json\/wp\/v2\/comments?post=40"}],"version-history":[{"count":1,"href":"http:\/\/sptja.com\/erika\/wp-json\/wp\/v2\/posts\/40\/revisions"}],"predecessor-version":[{"id":4316,"href":"http:\/\/sptja.com\/erika\/wp-json\/wp\/v2\/posts\/40\/revisions\/4316"}],"wp:attachment":[{"href":"http:\/\/sptja.com\/erika\/wp-json\/wp\/v2\/media?parent=40"}],"wp:term":[{"taxonomy":"category","embeddable":true,"href":"http:\/\/sptja.com\/erika\/wp-json\/wp\/v2\/categories?post=40"},{"taxonomy":"post_tag","embeddable":true,"href":"http:\/\/sptja.com\/erika\/wp-json\/wp\/v2\/tags?post=40"}],"curies":[{"name":"wp","href":"https:\/\/api.w.org\/{rel}","templated":true}]}}