{"id":370,"date":"2013-09-13T17:14:00","date_gmt":"2013-09-13T15:14:00","guid":{"rendered":"http:\/\/sptja.com\/erika\/2013\/09\/13\/fete-de-wallonie-pour-les-aines-a-namur-belgium-13-09-2013\/"},"modified":"2013-09-13T17:14:00","modified_gmt":"2013-09-13T15:14:00","slug":"fete-de-wallonie-pour-les-aines-a-namur-belgium-13-09-2013","status":"publish","type":"post","link":"http:\/\/sptja.com\/erika\/2013\/09\/13\/fete-de-wallonie-pour-les-aines-a-namur-belgium-13-09-2013\/","title":{"rendered":"F\u00eate de Wallonie pour les ain\u00e9s \u00e0 Namur (Belgium) 13\/09\/2013"},"content":{"rendered":"<p style=\"text-align: center\"><img decoding=\"async\" id=\"media-10392927\" style=\"margin: 0.7em 0\" title=\"\" src=\"http:\/\/sptja.com\/media\/80488\/1123830176.jpg\" alt=\"accordeon,repos,maison,seignors,\" \/><\/p>\n<p style=\"text-align: center\"><img decoding=\"async\" id=\"media-10392933\" style=\"margin: 0.7em 0\" title=\"\" src=\"http:\/\/sptja.com\/media\/80488\/2536678808.jpg\" alt=\"DSCN4901.jpg\" \/><\/p>\n<p style=\"text-align: center\"><img decoding=\"async\" id=\"media-10392935\" style=\"margin: 0.7em 0\" title=\"\" src=\"http:\/\/sptja.com\/media\/80488\/621967752.jpg\" alt=\"DSCN4906.jpg\" \/><\/p>\n","protected":false},"excerpt":{"rendered":"","protected":false},"author":3,"featured_media":0,"comment_status":"closed","ping_status":"open","sticky":false,"template":"","format":"standard","meta":[],"categories":[4,10,44,3,12,9,19,5,31,24,20,7,40,2],"tags":[],"_links":{"self":[{"href":"http:\/\/sptja.com\/erika\/wp-json\/wp\/v2\/posts\/370"}],"collection":[{"href":"http:\/\/sptja.com\/erika\/wp-json\/wp\/v2\/posts"}],"about":[{"href":"http:\/\/sptja.com\/erika\/wp-json\/wp\/v2\/types\/post"}],"author":[{"embeddable":true,"href":"http:\/\/sptja.com\/erika\/wp-json\/wp\/v2\/users\/3"}],"replies":[{"embeddable":true,"href":"http:\/\/sptja.com\/erika\/wp-json\/wp\/v2\/comments?post=370"}],"version-history":[{"count":0,"href":"http:\/\/sptja.com\/erika\/wp-json\/wp\/v2\/posts\/370\/revisions"}],"wp:attachment":[{"href":"http:\/\/sptja.com\/erika\/wp-json\/wp\/v2\/media?parent=370"}],"wp:term":[{"taxonomy":"category","embeddable":true,"href":"http:\/\/sptja.com\/erika\/wp-json\/wp\/v2\/categories?post=370"},{"taxonomy":"post_tag","embeddable":true,"href":"http:\/\/sptja.com\/erika\/wp-json\/wp\/v2\/tags?post=370"}],"curies":[{"name":"wp","href":"https:\/\/api.w.org\/{rel}","templated":true}]}}