{"id":12,"date":"2007-07-17T22:24:22","date_gmt":"2007-07-17T20:24:22","guid":{"rendered":"http:\/\/sptja.com\/erika\/2007\/07\/17\/kermesse-de-masnuy-st-pierre-belgique\/"},"modified":"2020-12-21T14:42:31","modified_gmt":"2020-12-21T13:42:31","slug":"kermesse-de-masnuy-st-pierre-belgique","status":"publish","type":"post","link":"http:\/\/sptja.com\/erika\/2007\/07\/17\/kermesse-de-masnuy-st-pierre-belgique\/","title":{"rendered":"Kermesse de Masnuy St Pierre (Belgique)"},"content":{"rendered":"<div><a title=\"erika20070715sptja1accordeon\" href=\"http:\/\/www.erika.be\/\" target=\"_blank\" rel=\"noopener noreferrer\"><img decoding=\"async\" loading=\"lazy\" class=\"aligncenter\" src=\"http:\/\/sptja.com\/media\/80488\/dyn006_original_503_377_pjpeg_2588413_7a8c03a5f1d78a635389d6f2eab1c316.jpg\" alt=\"erika20070715sptja1accordeon\" width=\"462\" height=\"376\" border=\"0\" \/><\/a><\/div>\n<div style=\"text-align: center\"><strong><span style=\"font-family: Times New Roman;font-size: large\"><em>Sous chapiteau, \u00e0 Masnuy St Pierre un spectacle unique \u00e0 voir; la princesse de l&rsquo;accord\u00e9on ERIKA\u00a0a, une fois de plus, allum\u00e9 le public par sa fa\u00e7on de faire, bien\u00a0\u00e0 elle.<\/em><\/span><\/strong><\/div>\n<div><a title=\"erika20070715sptja2accordeon\" href=\"http:\/\/www.erika.be\/\" target=\"_blank\" rel=\"noopener noreferrer\"><img decoding=\"async\" class=\"aligncenter\" src=\"http:\/\/sptja.com\/media\/80488\/dyn006_original_503_377_pjpeg_2588413_be86ec430b0bc51160527dee2b4746b5.jpg\" alt=\"erika20070715sptja2accordeon\" border=\"0\" \/><\/a><\/div>\n<div><\/div>\n<div><a title=\"erika20070715sptja3accordeon\" href=\"http:\/\/www.erika.be\/\" target=\"_blank\" rel=\"noopener noreferrer\"><img decoding=\"async\" loading=\"lazy\" class=\"aligncenter\" src=\"http:\/\/sptja.com\/media\/80488\/dyn006_original_503_377_pjpeg_2588413_47b3b523bc4f83001d62ff2b1e95f296.jpg\" alt=\"erika20070715sptja3accordeon\" width=\"454\" height=\"372\" border=\"0\" \/><\/a><\/div>\n<div style=\"text-align: center\"><strong><em><span style=\"font-family: Times New Roman;font-size: large\">Il fait tr\u00e8s tr\u00e8s chaud. Sous le chapiteau, on d\u00e9guste un bon petit verre en \u00e9coutant un air d&rsquo;accord\u00e9on.<\/span><\/em><\/strong><\/div>\n<div><a title=\"erika20070715sptja4accordeon\" href=\"http:\/\/www.erika.be\/\" target=\"_blank\" rel=\"noopener noreferrer\"><img decoding=\"async\" class=\"aligncenter\" src=\"http:\/\/sptja.com\/media\/80488\/dyn006_original_503_377_pjpeg_2588413_618bf3b6ac5208024159f3b73bbf1ecc.jpg\" alt=\"erika20070715sptja4accordeon\" border=\"0\" \/><\/a><\/div>\n<div><a title=\"erika20070715sptja5accordeon\" href=\"http:\/\/www.erika.be\/\" target=\"_blank\" rel=\"noopener noreferrer\"><img decoding=\"async\" class=\"aligncenter\" src=\"http:\/\/sptja.com\/media\/80488\/dyn006_original_503_377_pjpeg_2588413_1b0aac3251628c83d12570bdcdb1540b.jpg\" alt=\"erika20070715sptja5accordeon\" border=\"0\" \/><\/a><\/div>\n<div><a title=\"erika20070715sptja6accordeon\" href=\"http:\/\/www.erika.be\/\" target=\"_blank\" rel=\"noopener noreferrer\"><img decoding=\"async\" class=\"aligncenter\" src=\"http:\/\/sptja.com\/media\/80488\/dyn006_original_503_377_pjpeg_2588413_46d9a43e99acae4014bd9d1e6bf9727d.jpg\" alt=\"erika20070715sptja6accordeon\" border=\"0\" \/><\/a><\/div>\n<p style=\"text-align: center\"><span style=\"color: #333399\">\u00a0<\/span><span style=\"color: #339966\"><span style=\"font-family: Times New Roman;font-size: large\"><strong><em>ERIKA et<\/em><\/strong><\/span> \u00a0<\/span><span style=\"font-family: Verdana\"><span style=\"color: #800000\"><span style=\"color: #339966;font-family: Times New Roman;font-size: large\"><strong><em>LOU Deprijck<\/em><\/strong><\/span><span style=\"font-size: small\">\u00a0<\/span><\/span><\/span><\/p>\n<p style=\"text-align: center\"><span style=\"font-family: Verdana\"><strong><span style=\"color: #800000\"><span style=\"background-color: #ffffff;color: #ffcc33\"><span style=\"background-color: #000000;font-size: large\">Lors de la Kermesse de Masnuy St Pierre (Belgique)<\/span><\/span><\/span><\/strong><\/span><\/p>\n","protected":false},"excerpt":{"rendered":"<p>Sous chapiteau, \u00e0 Masnuy St Pierre un spectacle unique \u00e0 voir; la princesse de l&rsquo;accord\u00e9on ERIKA\u00a0a, une fois de plus, allum\u00e9 le public par sa fa\u00e7on de faire, bien\u00a0\u00e0 elle. Il fait tr\u00e8s tr\u00e8s chaud. Sous le chapiteau, on d\u00e9guste un bon petit verre en \u00e9coutant un air d&rsquo;accord\u00e9on. \u00a0ERIKA et \u00a0LOU Deprijck\u00a0 Lors de &hellip; <\/p>\n<p class=\"link-more\"><a href=\"http:\/\/sptja.com\/erika\/2007\/07\/17\/kermesse-de-masnuy-st-pierre-belgique\/\" class=\"more-link\">Continue reading<span class=\"screen-reader-text\"> \u00ab\u00a0Kermesse de Masnuy St Pierre (Belgique)\u00a0\u00bb<\/span><\/a><\/p>\n","protected":false},"author":3,"featured_media":0,"comment_status":"closed","ping_status":"open","sticky":false,"template":"","format":"standard","meta":[],"categories":[4,96,10,110,63,21,78],"tags":[],"_links":{"self":[{"href":"http:\/\/sptja.com\/erika\/wp-json\/wp\/v2\/posts\/12"}],"collection":[{"href":"http:\/\/sptja.com\/erika\/wp-json\/wp\/v2\/posts"}],"about":[{"href":"http:\/\/sptja.com\/erika\/wp-json\/wp\/v2\/types\/post"}],"author":[{"embeddable":true,"href":"http:\/\/sptja.com\/erika\/wp-json\/wp\/v2\/users\/3"}],"replies":[{"embeddable":true,"href":"http:\/\/sptja.com\/erika\/wp-json\/wp\/v2\/comments?post=12"}],"version-history":[{"count":2,"href":"http:\/\/sptja.com\/erika\/wp-json\/wp\/v2\/posts\/12\/revisions"}],"predecessor-version":[{"id":4302,"href":"http:\/\/sptja.com\/erika\/wp-json\/wp\/v2\/posts\/12\/revisions\/4302"}],"wp:attachment":[{"href":"http:\/\/sptja.com\/erika\/wp-json\/wp\/v2\/media?parent=12"}],"wp:term":[{"taxonomy":"category","embeddable":true,"href":"http:\/\/sptja.com\/erika\/wp-json\/wp\/v2\/categories?post=12"},{"taxonomy":"post_tag","embeddable":true,"href":"http:\/\/sptja.com\/erika\/wp-json\/wp\/v2\/tags?post=12"}],"curies":[{"name":"wp","href":"https:\/\/api.w.org\/{rel}","templated":true}]}}