{"id":4,"date":"2022-02-13T15:00:27","date_gmt":"2022-02-13T14:00:27","guid":{"rendered":"http:\/\/sptja.com\/erika-biographie\/2018\/03\/02\/la-biographie-derika-la-princesse-de-laccordeon-2017\/"},"modified":"2024-03-11T22:24:22","modified_gmt":"2024-03-11T21:24:22","slug":"la-biographie-derika-la-princesse-de-laccordeon-2017","status":"publish","type":"post","link":"http:\/\/sptja.com\/erika-biographie\/2022\/02\/13\/la-biographie-derika-la-princesse-de-laccordeon-2017\/","title":{"rendered":"La biographie d&rsquo;Erika la princesse de l&rsquo;accord\u00e9on"},"content":{"rendered":"<p style=\"text-align: center\"><em><span style=\"font-size: medium\"><strong>Erika la princesse de l&rsquo;accord\u00e9on <\/strong><\/span><\/em><span style=\"font-size: medium\"><em><strong>&amp;<\/strong><\/em><strong><em> son orchestre <\/em><\/strong><\/span><\/p>\n<p style=\"text-align: center\"><strong><em>\u00ab\u00a0Les inseparables\u00a0\u00bb<\/em><\/strong><\/p>\n<p style=\"text-align: center\"><a href=\"http:\/\/sptja.com\/erika-biographie\/wp-content\/uploads\/sites\/4\/2018\/03\/orchestre2018erika1sptja1erika1cadence.jpg\"><img decoding=\"async\" loading=\"lazy\" class=\"aligncenter size-full wp-image-11\" src=\"http:\/\/sptja.com\/erika-biographie\/wp-content\/uploads\/sites\/4\/2018\/03\/orchestre2018erika1sptja1erika1cadence.jpg\" alt=\"\" width=\"800\" height=\"450\" srcset=\"http:\/\/sptja.com\/erika-biographie\/wp-content\/uploads\/sites\/4\/2018\/03\/orchestre2018erika1sptja1erika1cadence.jpg 800w, http:\/\/sptja.com\/erika-biographie\/wp-content\/uploads\/sites\/4\/2018\/03\/orchestre2018erika1sptja1erika1cadence-300x169.jpg 300w, http:\/\/sptja.com\/erika-biographie\/wp-content\/uploads\/sites\/4\/2018\/03\/orchestre2018erika1sptja1erika1cadence-768x432.jpg 768w\" sizes=\"(max-width: 767px) 89vw, (max-width: 1000px) 54vw, (max-width: 1071px) 543px, 580px\" \/><\/a><\/p>\n<p style=\"text-align: center\"><img decoding=\"async\" loading=\"lazy\" class=\"alignnone size-full wp-image-30\" src=\"http:\/\/sptja.com\/erika-biographie\/wp-content\/uploads\/sites\/4\/2022\/02\/erika1sptja1cadence1jior.jpg\" alt=\"\" width=\"800\" height=\"600\" srcset=\"http:\/\/sptja.com\/erika-biographie\/wp-content\/uploads\/sites\/4\/2022\/02\/erika1sptja1cadence1jior.jpg 800w, http:\/\/sptja.com\/erika-biographie\/wp-content\/uploads\/sites\/4\/2022\/02\/erika1sptja1cadence1jior-300x225.jpg 300w, http:\/\/sptja.com\/erika-biographie\/wp-content\/uploads\/sites\/4\/2022\/02\/erika1sptja1cadence1jior-768x576.jpg 768w\" sizes=\"(max-width: 767px) 89vw, (max-width: 1000px) 54vw, (max-width: 1071px) 543px, 580px\" \/><\/p>\n<p style=\"text-align: center\">\n<p><strong><em><span style=\"font-family: Garamond\"><span style=\"font-size: medium\">Ses origines<br \/>\nN\u00e9e sous le signe du cancer un 13 juillet, <\/span><\/span><\/em><\/strong><\/p>\n<p><strong><em>Erika est originaire de Tilly, charmant village sis non loin de Villers La Ville en Belgique, cette derni\u00e8re localit\u00e9, c\u00e9l\u00e8bre par ses remarquables ruines cisterciennes et ses nombreuses manifestations artistiques.<br \/>\nIssue d&rsquo;une famille nombreuse, elle est la cadette de cinq enfants<br \/>\nSon milieu ! La musique ! Son p\u00e8re, sa m\u00e8re, ses trois soeurs, son fr\u00e8re tous artistes musiciens. Sa voie est toute trac\u00e9e. Son premier accord\u00e9on elle le re\u00e7oit \u00e0 l&rsquo;\u00e2ge de cinq ans. .<\/em><\/strong><\/p>\n<p><strong><em><span style=\"font-family: Garamond;font-size: medium\">Ses \u00e9tudes<br \/>\nSon professeur, Monsieur Franz Lebrun du conservatoire de Bruxelles.<br \/>\nSes \u00e9tudes artistiques ; cinq ann\u00e9es de solf\u00e8ge, cinq de classique et trois de musette.<br \/>\nBien sur elle participe a de nombreux concours pendant son enfance elle a bien du plaisir a animer,<br \/>\n\u00e0 l&rsquo;\u00e9cole, les f\u00eates de Saint-Nicolas (en Belgique: la grande f\u00eate des enfants)<br \/>\nMais pendant l&rsquo;adolescence elle \u00e9vite de parler \u00e0 ses amis, de ses amours pour l&rsquo;accord\u00e9on.<br \/>\nD\u00e9j\u00e0 un instrument d\u00e9suet ? Ringard ?<br \/>\nLes \u00e9tudes \u00e9tant longues, elle est pr\u00eate a jeter le gant. Mais la providence veille! Une annonce d&rsquo;un<br \/>\nquotidien retient l&rsquo;attention de sa m\u00e8re de jeunes artistes peuvent passer une audition aupr\u00e8s d&rsquo;une<br \/>\nmaison de disques.<\/span><\/em><\/strong><\/p>\n<p><span style=\"font-family: Garamond\"><em><strong><span style=\"font-size: medium\">Sa carri\u00e8re<br \/>\nLe r\u00e9sultat ? En 1981 elle sort un premier 45 tours \u00a0\u00bb Ah le petit vin blanc\u00a0\u00bb La musique la motive. Elle\u00a0compose, pr\u00e9pare de nouveaux 45 tours et r\u00e9ussit une performance. Son titre \u00a0\u00bb Soleil\u00a0\u00bb se classe troisi\u00e8me au hit parade de la sibessa. Un autre enregistrement se classe douzi\u00e8me. D&rsquo;autres disques suivent. Dans le juke-box elle a sa place.<br \/>\nEn 1993 un premier CD de 14 titres, tous de ses compositions. C&rsquo;est le d\u00e9part d&rsquo;une carri\u00e8re dont le succ\u00e8s s&rsquo;amplifie.<\/span><\/strong><\/em><\/span><br \/>\n<span style=\"font-family: Garamond\"><em><strong><span style=\"font-size: medium\">Discographie<br \/>\nCD, la Miss du far West &#8211; CD, Ol\u00e9 Torr\u00e9ro &#8211;<br \/>\nCD, Happy Birthday -CD, Mon pays s&rsquo;est le soleil &#8211; CD, Lily Bye Bye &#8211;<br \/>\nCD, Mexico &#8211; CD, La F\u00eate a l&rsquo; accord\u00e9on vol 1, vol 2, vol 3, vol 4, vol 5. vol 6,<br \/>\nLes CD Compilation Franco- Belge\u00a0 (les champions de l&rsquo;accord\u00e9on) &#8211; Guy Denys et ses amis (Bouquet Musette n\u00b01) &#8211; Carte de visite Avec Jean-Pierre Lepoivre &#8211; Les Filles aux doigts d&rsquo;or\u00a0 une production de Michel Pruvot et Maurice Larcange-Sp\u00e9cial Medley avec Andr\u00e9 loppe-<br \/>\nCD Orgue Ambiance n\u00b0 1- n\u00b0 2 -n\u00b0 3- 4 CD La guinguette a JuJu n\u00b0 1 et n\u00b0 2<br \/>\nGrace a ses nombreux passages (Bals, Th\u00e9s Dansants, Radios, TV &#8230;&#8230;) ses disques passent les fronti\u00e8res. On l&rsquo;appr\u00e9cie en France dans le Nord, le Pas de Calais, La Picardie, l&rsquo; Est.<br \/>\nEn Hollande o\u00f9 son style plait\u00a0\u00bb\u00a0 Le Luxembourg, si proche de la Belgique, La Bavi\u00e8re,&#8230;<br \/>\nEn sc\u00e8ne, soit avec son orchestre de six musiciens, soit avec son clavi\u00e9riste elle cr\u00e9e une complicit\u00e9 chaleureuse. Un r\u00e9pertoire tr\u00e8s vari\u00e9, du troisi\u00e8me age aux succ\u00e8s actuels. De la vari\u00e9t\u00e9, de la bonne humeur, de quoi passer de bons moments et de garder de bons souvenirs.<\/span><br \/>\n<span style=\"font-size: medium\">Ses passages Radio:<br \/>\nRTBF, BEL RTL, NOSTALGIE, CONTACT, FRANCE INTER A PARIS, RADIO BLEU, FREQUENCE NORD PICARDIE, FRANCE HAUTE SAVOIE etc&#8230;..<\/span><\/strong><\/em><\/span><br \/>\n<span style=\"font-family: Garamond\"><em><strong><span style=\"font-size: medium\">Ses passages TV:<br \/>\nTF1, FRANCE2, FR3, RTBF, RTL TVI, BRT, TV5 EUROPE, VTM.<br \/>\nLes TV Locales:<br \/>\nTV GOHELLE, TV MELODIE, TELE SAMBRE, CANAL C, CANAL ZOOM.<\/span><\/strong><\/em><\/span><br \/>\n<span style=\"font-family: Garamond\"><em><strong><span style=\"font-size: medium\">Quelques \u00e9v\u00e8nements :<br \/>\nLa rencontre internationale \u00e0 Besan\u00e7on, Festival \u00e0 Gousainville, Festival \u00e0 P\u00e9ronnas, Rencontre \u00e0 Termignon, Tourn\u00e9e \u00e0 Thonnes, Festival \u00e0 Floreffe Belgique.<br \/>\nParticipation au tournage des films de Beno\u00eet Mariage &lsquo;Les convoyeurs attendent et l&rsquo;autre&rsquo; avec Beno\u00eet Poelvoorde, en Octobre 2007 elle f\u00eate ses 25 ans de sc\u00e8ne, <\/span><\/strong><\/em><\/span><\/p>\n<p><span style=\"font-size: large\"><span style=\"font-family: Garamond\"><em><strong>Avril 2008 elle re\u00e7ois l&rsquo;accord\u00e9on d&rsquo;or par son producteur Mr Ren\u00e9 Hermans se qui repr\u00e9sente plus de 25.000 album vendu. Cliquez sur le lien<span style=\"color: #0000ff\">\u00a0<a style=\"color: #0000ff\" href=\"http:\/\/sptja.com\/erika\/2008\/04\/\">http:\/\/sptja.com\/erika\/2008\/04\/<\/a><\/span><\/strong><\/em><\/span><\/span><\/p>\n<p><span style=\"font-size: large\"><span style=\"font-family: Garamond\"><em><strong>Ao\u00fbt 2010 : 1 CD Orgue Ambiance n\u00b04<\/strong><\/em><\/span><\/span><\/p>\n<p><span style=\"font-family: Garamond\"><em><strong><span style=\"font-size: medium\"><span style=\"font-size: large\">D\u00e9cembre 2010 : 2 DVD de 18 titres <\/span><\/span><\/strong><\/em><\/span><\/p>\n<p><span style=\"font-family: Garamond\"><em><strong><span style=\"font-size: medium\"><span style=\"font-size: large\">Mars 2011 : 1\u00a0 CD La f\u00eate \u00e0 l\u00a0\u00bbaccord\u00e9on Vol 6<\/span><\/span><\/strong><\/em><\/span><\/p>\n<p><span style=\"font-family: Garamond\"><em><strong><span style=\"font-size: medium\"><span style=\"font-size: large\">Mai 2011 : Prix du Profondevillois de l&rsquo;ann\u00e9e 2010<\/span><\/span><\/strong><\/em><\/span><\/p>\n<p><span style=\"font-family: Garamond\"><em><strong><span style=\"font-size: medium\"><span style=\"font-size: large\">Juin 2013 : 1 Single 2 Titres \u00ab\u00a0Parler \u00e0 mon p\u00e8re\u00a0\u00bb <\/span><\/span><\/strong><\/em><\/span><\/p>\n<p><strong><span style=\"font-size: small\">Avril 2014 : Elle deviens repr\u00e9sentante de la nouvelle ligne CARPENTIER \u00ab\u00a0Foudre Erika\u00a0\u00bb<\/span><\/strong><\/p>\n<p><span style=\"font-family: Garamond\"><em><strong><span style=\"font-size: medium\"><span style=\"font-size: large\">Ao\u00fbt 2015 : 1\u00a0 CD La f\u00eate \u00e0 l\u00a0\u00bbaccord\u00e9on Vol 7<\/span><\/span><\/strong><\/em><\/span><\/p>\n<p><span style=\"font-family: Garamond\"><em><strong><span style=\"font-size: medium\"><span style=\"font-size: large\">Mai 2018 : <\/span><\/span><\/strong><\/em><\/span><span style=\"font-size: 16px\"><strong><i>Les accord\u00e9ons Cadence\u00a0ont r\u00e9alis\u00e9s une perle rare, une pure beaut\u00e9.\u00a0 <\/i><\/strong><\/span><br \/>\n<span style=\"font-size: 16px\"><strong><i><span style=\"font-size: 16px\"><strong><i>Un accord\u00e9on de 6 KG, 3 voix musette une r\u00e9sonance sans pareil.<\/i><\/strong><\/span><br \/>\n<span style=\"font-size: 16px\"><em><b>Je suis fi\u00e8re les amis de vous annoncer que je suis la repr\u00e9sentante exclusive officielle pour la Belgique des accord\u00e9ons Cadence.<\/b><\/em><\/span><br \/>\n<span style=\"font-size: 16px\"><em><b>Des artisans o\u00f9 le respect de l&rsquo;instrument se fait encore \u00e0 la main.<\/b><\/em><\/span><br \/>\n<span style=\"font-size: 16px\"><em><b>Merci \u00e0 Bernard pour sa confiance ainsi qu\u2019\u00e0 son \u00e9quipe qui l&rsquo;accompagne.<\/b><\/em><\/span><br \/>\n<span style=\"font-size: 16px\"><em><b>Erika, la Princesse de l&rsquo;accord\u00e9on<\/b><\/em><\/span><br \/>\n<span style=\"color: #000000\"><strong><span style=\"font-size: 24px\"><a href=\"http:\/\/accordeoncadence.fr\/fr-accueil.html\"><span style=\"color: #0066cc\">http:\/\/accordeoncadence.fr\/fr-accueil.html<\/span><\/a><\/span><\/strong><\/span><\/i><\/strong><\/span><\/p>\n<p><span style=\"color: #993300\"><strong>F\u00e9vrier 2021 : 1 CD Best Of 1 : <span style=\"color: #0000ff\">Production &amp; Distribution Aprad Mercatel<\/span><\/strong><\/span><\/p>\n<p><strong><span style=\"color: #993300\">Mars 2021 : Cl\u00e9s MP3 Best Of 1 : <span style=\"color: #0000ff\">Production &amp; Distribution Aprad Mercatel<\/span><\/span><\/strong><\/p>\n<p><strong><span style=\"color: #993300\">Juillet 2021 : Mug Erika<\/span><\/strong><\/p>\n<p><span style=\"color: #993300\"><strong>Novembre 2021 : 1 CD G\u00e9n\u00e9ration 80 : <span style=\"color: #0000ff\">Production &amp; Distribution Aprad Mercatel<\/span><\/strong><\/span><\/p>\n<p><span style=\"color: #993300\"><strong>F\u00e9vrier 2022 : 1 CD Cl\u00e9s MP3 G\u00e9n\u00e9ration 80 (Vol2) : <span style=\"color: #0000ff\">Production &amp; Distribution Aprad Mercatel<\/span><\/strong><\/span><\/p>\n<p><span style=\"color: #993300\"><strong>Novembre 2022 : 1 CD &amp; Cl\u00e9s MP3 Accord\u00e9on 80 : <span style=\"color: #0000ff\">Production &amp; Distribution Aprad Mercatel<\/span><\/strong><\/span><\/p>\n<p><strong><span style=\"color: #993300\">F\u00e9vrier 2024 : 1 CD &amp; Cl\u00e9s MP3 Mi Fa Sol Accord\u00e9on :<\/span> <span style=\"color: #0000ff\">Production &amp; Distribution Aprad Mercatel<\/span><\/strong><\/p>\n<p><strong><span style=\"color: #993300\">Mars 2024 : 1 CD Compilation :<\/span> <span style=\"color: #0000ff\">Production &amp; Distribution 1,2,3, Musette<\/span><br \/>\n<\/strong><\/p>\n<p><span style=\"font-family: Garamond\"><span style=\"font-family: Arial;font-size: medium\"><strong>Info: Erika la Princesse de L&rsquo;accord\u00e9on<\/strong><\/span><\/span><\/p>\n<p><span style=\"font-family: Garamond\"><span style=\"font-family: Arial;font-size: medium\"><strong>Rue du Bourdon 2<\/strong><\/span><\/span><\/p>\n<p><span style=\"font-family: Garamond\"><span style=\"font-family: Arial;font-size: medium\"><strong>5170 Lesves (Profondeville)<\/strong><\/span><\/span><\/p>\n<p><span style=\"font-family: Garamond\"><span style=\"font-family: Arial;font-size: medium\"><strong>Belgique<\/strong><\/span><\/span><\/p>\n<p><strong><span style=\"font-family: Arial;font-size: medium\">Contact: 0032(0)475\/205.804<\/span><\/strong><\/p>\n<p><span style=\"font-family: Arial\"><strong><span style=\"font-size: medium\">Website: <\/span><\/strong><a href=\"http:\/\/www.erika.be\/\"><strong><span style=\"font-size: medium\">www.erika.be<\/span><\/strong><\/a><\/span><\/p>\n<p><span style=\"font-family: Arial\"><strong><span style=\"font-size: medium\">Email: erika@erika.be <\/span><\/strong><\/span><\/p>\n<p><span style=\"font-size: medium\"><strong>Facebook: Fan club Erika la princesse de l&rsquo;accord\u00e9on<\/strong><\/span><\/p>\n<p><span style=\"font-size: medium\"><img decoding=\"async\" id=\"media-9766656\" style=\"margin: 0.7em auto\" title=\"\" src=\"http:\/\/sptja.com\/media\/80525\/erika-orchestre-sptja.jpg\" alt=\"accordeon,profondeville,erika,musique,cd,dvd,sptja,musicadeon\" \/><\/span><\/p>\n<div><em><span style=\"font-size: medium\">Bio Erika : Anglais<\/span><\/em><br \/>\n<strong><em><span style=\"font-size: medium\">Origins:<\/span><\/em><\/strong><br \/>\n<em><span style=\"font-size: medium\">Born on a July 13th, her zodiac sign is Cancer.<\/span><\/em><\/p>\n<p><em><span style=\"font-size: medium\">Erika is from Tilly, pretty little village close to Villers La Ville (Belgium), famous for its remarkable Cistercians ruins and its plethora of artistic demonstrations.<\/span><\/em><br \/>\n<em><span style=\"font-size: medium\">Born in a large family, Erika is the youngest of five children.<\/span><\/em><br \/>\n<em><span style=\"font-size: medium\">She grew up in a musical environment with her father, her mother, her three sisters, and her brother all musicians. Therefore, her path was clear and obvious. Erkia received her first accordion when she was only 5yo.<\/span><\/em><\/p>\n<p><strong><em><span style=\"font-size: medium\">Studies:<\/span><\/em><\/strong><br \/>\n<em><span style=\"font-size: medium\">Erika&rsquo;s teacher was Mr Franz Lebrun from the Brussels music conservatory.<\/span><\/em><br \/>\n<em><span style=\"font-size: medium\">Her curriculum: five years learning the theory of music, then five more years studying classical music, and finally three years specializing in \u00ab\u00a0musette\u00a0\u00bb genre.<\/span><\/em><br \/>\n<em><span style=\"font-size: medium\">Of course, she takes part to numerous contests during her childhood, and she discover the pleasure in animating parties at school, especially for the celebrations of Saint Nicolas who, in Belgium, is considered as the holy protector of the kids.<\/span><\/em><br \/>\n<em><span style=\"font-size: medium\">As a teenager, Erika prefer not sharing her passion for accordion with her friends as the instrument carries an image of oldies, old-fashions, and has-been music.<\/span><\/em><br \/>\n<em><span style=\"font-size: medium\">Studies are long, demanding, and she is close to give up when providence comes! Her mother reads in the newspaper about an audition for young artists who want to contract with a record company.<\/span><\/em><\/p>\n<p><strong><em><span style=\"font-size: medium\">Professional career:<\/span><\/em><\/strong><br \/>\n<em><span style=\"font-size: medium\">The result of the audition? In 1981, she gets her first 45 record \u00ab\u00a0Ah le petit vin blanc\u00a0\u00bb and that success gives a new boost in her motivation. She composes, and prepares new 45 records&#8230; and succeeds. Her title \u00ab\u00a0Soleil\u00a0\u00bb ranks 3rd in the charts of Sibessa. Another title climbs to the 12th rank. Other disks will follow. By that time, Erika&rsquo;s performances find a place in the jukebox.<\/span><\/em><br \/>\n<em><span style=\"font-size: medium\">In 1993, a first CD is released with 14 titles, all her compositions. Her career starts and success grows.<\/span><\/em><\/p>\n<p><strong><em><span style=\"font-size: medium\">Discography:<\/span><\/em><\/strong><br \/>\n<em><span style=\"font-size: medium\">First of all, the essentials of her CD collection: \u00ab\u00a0la Miss du far West\u00a0\u00bb, \u00ab\u00a0Ol\u00e9 Torr\u00e9ro\u00a0\u00bb, \u00ab\u00a0Happy Birthday\u00a0\u00bb, \u00ab\u00a0Mon pays, c&rsquo;est le soleil\u00a0\u00bb, \u00ab\u00a0Lily Bye Bye\u00a0\u00bb, \u00ab\u00a0Mexico\u00a0\u00bb, and \u00ab\u00a0La F\u00eate \u00e0 l&rsquo;accord\u00e9on\u00a0\u00bb vol. 1, vol. 2, vol. 3, vol. 4, vol. 5, and vol. 6.<\/span><\/em><\/p>\n<p><em><span style=\"font-size: medium\">The Franco-Belgian CD Compilation \u00ab\u00a0Les Champions de l&rsquo;Accord\u00e9on\u00a0\u00bb (\u00ab\u00a0The Champions of Accordion\u00a0\u00bb), the performance with Guy Denys and his friends in \u00ab\u00a0Bouquet Musette n\u00b01\u00a0\u00bb, the \u00ab\u00a0Carte de visite\u00a0\u00bb with Jean-Pierre Lepoivre, \u00ab\u00a0Les Filles aux Doigts d&rsquo;Or\u00a0\u00bb (the Golden Finger Ladies) &#8211; a production of Michel Pruvot and Maurice Larcange, and the Special Medley with Andr\u00e9 Loppe, are also gems in her discography.<\/span><\/em><br \/>\n<em><span style=\"font-size: medium\">Not to forget the fourfold CD collection \u00ab\u00a0Orgue Ambiance\u00a0\u00bb n\u00b0 1, n\u00b0 2, n\u00b0 3, and n\u00b0 4, as well as the CDs \u00ab\u00a0La guinguette \u00e0 JuJu\u00a0\u00bb n\u00b0 1 and n\u00b0 2<\/span><\/em><\/p>\n<p><em><span style=\"font-size: medium\">With countless performances (in Balls, for Tea-times, at Radios, on TV,&#8230;) her disks sell abroad. She is demanded in France (in the North, in Pas de Calais, in Picardie, and in the East), in the Netherlands where her style is much appreciated, in Luxembourg (so close to Belgium), in Germany (in Bavaria),&#8230;<\/span><\/em><\/p>\n<p><em><span style=\"font-size: medium\">On stage, with her six musicians orchestra, or just with her keyboardist, she creates complicity with the public and a warm ambiance always quickly takes the place. Her manifold repertoire covering oldies as well as modern hits, is tainted with variety, jolly humor, and all what is necessary for spending pleasant moments and keeping happy memories.<\/span><\/em><\/p>\n<p><strong><em><span style=\"font-size: medium\">Radio performances:<\/span><\/em><\/strong><br \/>\n<em><span style=\"font-size: medium\">RTBF, BEL RTL, NOSTALGIE, CONTACT, FRANCE INTER A PARIS, RADIO BLEU, FREQUENCE NORD PICARDIE, FRANCE HAUTE SAVOIE, and so on.<\/span><\/em><\/p>\n<p><strong><em><span style=\"font-size: medium\">TV broadcasts:<\/span><\/em><\/strong><br \/>\n<em><span style=\"font-size: medium\">TF1, FRANCE2, FR3, RTBF, RTL TVI, BRT, TV5 EUROPE, VTM.<\/span><\/em><\/p>\n<p><strong><em><span style=\"font-size: medium\">On local TV:<\/span><\/em><\/strong><br \/>\n<em><span style=\"font-size: medium\">TV GOHELLE, TV MELODIE, TELE SAMBRE, CANAL C, CANAL ZOOM.<\/span><\/em><\/p>\n<p><strong><em><span style=\"font-size: medium\">Big moments:<\/span><\/em><\/strong><br \/>\n<em><span style=\"font-size: medium\">The International Meeting at Besan\u00e7on, the Festival at Gousainville, the Festival at P\u00e9ronnas, the \u00ab\u00a0Rencontre of Termignon\u00a0\u00bb, the Music Tour at Thonnes, the Festival of Floreffe in Belgium.<\/span><\/em><br \/>\n<em><span style=\"font-size: medium\">Her acting for the movies of Beno\u00eet Mariage \u00ab\u00a0Les convoyeurs attendent\u00a0\u00bb (in 1999, see IMDB: <a href=\"http:\/\/www.imdb.com\/title\/tt0201538\/fullcredits?ref_=tt_cl_sm#cast\" target=\"_blank\" rel=\"nofollow noopener noreferrer\">http:\/\/www.imdb.com\/title\/tt0201538\/fullcredits?ref_=tt_c&#8230;<\/a> ) and \u00ab\u00a0L&rsquo;Autre\u00a0\u00bb (\u00ab\u00a0The Missing Half\u00a0\u00bb with Beno\u00eet Poelvoorde).<\/span><\/em><\/p>\n<p><em><span style=\"font-size: medium\">October 2007, she celebrated her 25 years career on stage.<\/span><\/em><\/p>\n<p><em><span style=\"font-size: medium\">April 2008, she receives the Golden Accordion Award (i.e. more than 25000 albums sold) from the hands of her producer Mr Ren\u00e9 Hermans.<\/span><\/em><\/p>\n<p><em><span style=\"font-size: medium\">August 2010: 1 new CD \u00ab\u00a0Orgue Ambiance\u00a0\u00bb, the n\u00b0 4.<\/span><\/em><br \/>\n<em><span style=\"font-size: medium\">Decembre 2010: release of 2 DVD with 18 titles.<\/span><\/em><br \/>\n<em><span style=\"font-size: medium\">Marsh 2011: 1 new CD \u00ab\u00a0La f\u00eate \u00e0 l&rsquo;accord\u00e9on\u00a0\u00bb, the vol. 6.<\/span><\/em><br \/>\n<em><span style=\"font-size: medium\">May 2011: Erika receives the Award \u00ab\u00a0Prix du Profondevillois de l&rsquo;ann\u00e9e 2010\u00a0\u00bb<\/span><\/em><br \/>\n<em><span style=\"font-size: medium\">Juin 2013 <\/span><\/em><span style=\"font-family: Garamond\"><em><span style=\"font-size: medium\"><span style=\"font-size: large\"> : 1 Single 2 Titres \u00ab\u00a0Parler \u00e0 mon p\u00e8re\u00a0\u00bb<\/span><\/span><\/em><\/span><\/p>\n<p><span style=\"color: #993300\"><strong>F<span id=\"tta_tgt\">ebruary<\/span> 2021 : 1 CD Best Of 1 <span style=\"color: #0000ff\">Production &amp; Distribution Aprad Mercatel<\/span><\/strong><\/span><\/p>\n<p><strong><span style=\"color: #993300\">Marsh 2021 : Cl\u00e9s MP3 Best Of 1 <span style=\"color: #0000ff\">Production &amp; Distribution Aprad Mercatel<\/span><\/span><\/strong><\/p>\n<p><strong><span style=\"color: #993300\">July 2021 : Mug Erika<\/span><\/strong><\/p>\n<p><span style=\"color: #993300\"><strong>November 2021 : 1 CD Cl\u00e9s MP3 G\u00e9n\u00e9ration 80 : <span style=\"color: #0000ff\">Production &amp; Distribution Aprad Mercatel<\/span><\/strong><\/span><\/p>\n<p><span style=\"color: #993300\"><strong>February 2022 : 1 CD &amp; Cl\u00e9s MP3 G\u00e9n\u00e9ration 80 (Vol2) : <span style=\"color: #0000ff\">Production &amp; Distribution Aprad Mercatel<\/span><\/strong><\/span><\/p>\n<p><span style=\"color: #993300\"><strong>November 2022 : 1 CD &amp; Cl\u00e9s MP3 Accord\u00e9on 80 : <span style=\"color: #0000ff\">Production &amp; Distribution Aprad Mercatel<\/span><\/strong><\/span><\/p>\n<p><strong><span style=\"color: #993300\">F\u00e9vrier 2024 : 1 CD &amp; Cl\u00e9s MP3 Mi Fa Sol Accord\u00e9on :<\/span> <span style=\"color: #0000ff\">Production &amp; Distribution Aprad Mercatel<\/span><\/strong><\/p>\n<p><strong><span style=\"color: #993300\">Mars 2024 : 1 CD Compilation :<\/span> <span style=\"color: #0000ff\">Production &amp; Distribution 1,2,3, Musette<\/span><\/strong><\/p>\n<p><em><span style=\"font-size: medium\">Info: La Princesse de L&rsquo;accord\u00e9on Erika<\/span><\/em><br \/>\n<em><span style=\"font-size: medium\">Rue du Bourdon 2<\/span><\/em><br \/>\n<em><span style=\"font-size: medium\">5170 Lesves (Profondeville)<\/span><\/em><br \/>\n<em><span style=\"font-size: medium\">Belgium<\/span><\/em><br \/>\n<em><span style=\"font-size: medium\">Contact: 0032(0)475\/205.804<\/span><\/em><br \/>\n<em><span style=\"font-size: medium\">Website: <a href=\"http:\/\/www.facebook.com\/l.php?u=http%3A%2F%2Fwww.erika.be&amp;h=TAQErMhTS&amp;s=1\" target=\"_blank\" rel=\"nofollow noopener noreferrer\">www.erika.be<\/a><\/span><\/em><br \/>\n<em><span style=\"font-size: medium\">Email: erika@erika.be<\/span><\/em><br \/>\n<em><span style=\"font-size: medium\">Facebook: Fan club Erika la princesse de l&rsquo;accord\u00e9on<\/span><\/em><\/p>\n<\/div>\n<div><span style=\"font-size: medium\"><strong>\u00a0\u00a0\u00a0\u00a0\u00a0\u00a0 <\/strong><\/span><\/div>\n","protected":false},"excerpt":{"rendered":"<p>Erika la princesse de l&rsquo;accord\u00e9on &amp; son orchestre \u00ab\u00a0Les inseparables\u00a0\u00bb Ses origines N\u00e9e sous le signe du cancer un 13 juillet, Erika est originaire de Tilly, charmant village sis non loin de Villers La Ville en Belgique, cette derni\u00e8re localit\u00e9, c\u00e9l\u00e8bre par ses remarquables ruines cisterciennes et ses nombreuses manifestations artistiques. Issue d&rsquo;une famille nombreuse, &hellip; <\/p>\n<p class=\"link-more\"><a href=\"http:\/\/sptja.com\/erika-biographie\/2022\/02\/13\/la-biographie-derika-la-princesse-de-laccordeon-2017\/\" class=\"more-link\">Continue reading<span class=\"screen-reader-text\"> \u00ab\u00a0La biographie d&rsquo;Erika la princesse de l&rsquo;accord\u00e9on\u00a0\u00bb<\/span><\/a><\/p>\n","protected":false},"author":3,"featured_media":0,"comment_status":"closed","ping_status":"open","sticky":false,"template":"","format":"standard","meta":[],"categories":[11,8,3,15,10,9,13,4,5,19,6,16,18,12,2,17,14,7],"tags":[],"_links":{"self":[{"href":"http:\/\/sptja.com\/erika-biographie\/wp-json\/wp\/v2\/posts\/4"}],"collection":[{"href":"http:\/\/sptja.com\/erika-biographie\/wp-json\/wp\/v2\/posts"}],"about":[{"href":"http:\/\/sptja.com\/erika-biographie\/wp-json\/wp\/v2\/types\/post"}],"author":[{"embeddable":true,"href":"http:\/\/sptja.com\/erika-biographie\/wp-json\/wp\/v2\/users\/3"}],"replies":[{"embeddable":true,"href":"http:\/\/sptja.com\/erika-biographie\/wp-json\/wp\/v2\/comments?post=4"}],"version-history":[{"count":20,"href":"http:\/\/sptja.com\/erika-biographie\/wp-json\/wp\/v2\/posts\/4\/revisions"}],"predecessor-version":[{"id":37,"href":"http:\/\/sptja.com\/erika-biographie\/wp-json\/wp\/v2\/posts\/4\/revisions\/37"}],"wp:attachment":[{"href":"http:\/\/sptja.com\/erika-biographie\/wp-json\/wp\/v2\/media?parent=4"}],"wp:term":[{"taxonomy":"category","embeddable":true,"href":"http:\/\/sptja.com\/erika-biographie\/wp-json\/wp\/v2\/categories?post=4"},{"taxonomy":"post_tag","embeddable":true,"href":"http:\/\/sptja.com\/erika-biographie\/wp-json\/wp\/v2\/tags?post=4"}],"curies":[{"name":"wp","href":"https:\/\/api.w.org\/{rel}","templated":true}]}}