{"id":90,"date":"2016-07-14T21:56:01","date_gmt":"2016-07-14T19:56:01","guid":{"rendered":"http:\/\/sptja.com\/culture\/2016\/07\/14\/teteche-folk-newsletter-n22-juillet-2016\/"},"modified":"2016-07-14T21:56:01","modified_gmt":"2016-07-14T19:56:01","slug":"teteche-folk-newsletter-n22-juillet-2016","status":"publish","type":"post","link":"http:\/\/sptja.com\/culture\/2016\/07\/14\/teteche-folk-newsletter-n22-juillet-2016\/","title":{"rendered":"TETECHE FOLK NEWSLETTER N\u00b022 juillet 2016"},"content":{"rendered":"<p style=\"text-align: center\"><span style=\"font-size: 14pt;font-family: 'Arial','sans-serif'\">Rivi\u00e8re&nbsp;: F\u00eate de l\u2019Ecluse \u2013 le dimanche 31 juillet 2016.<\/span><\/p>\n<p style=\"text-align: center\"><span style=\"font-size: 14pt;font-family: 'Arial','sans-serif';color: black\">La F\u00eate de l\u2019Ecluse est la f\u00eate traditionnelle de Rivi\u00e8re. Elle a lieu chaque ann\u00e9e fin juillet. Nombreuses animations musicales, sportives (saut dans la Meuse en v\u00e9lo), march\u00e9 artisanal etc.<\/span><\/p>\n<p style=\"text-align: center\"><span style=\"font-size: 14pt;font-family: 'Arial','sans-serif';color: black\">Le T\u00e9t\u00eache Band assurera une animation musicale dans le grand chapiteau entre 13 et 14 heures.<\/span><\/p>\n<p style=\"text-align: center\"><span style=\"font-size: 14pt;font-family: 'Arial','sans-serif';color: black\">Venez nombreux nous encourager et effectuer un petit tour de danse.<\/span><\/p>\n<p style=\"text-align: center\"><span style=\"font-size: 14pt;font-family: 'Arial','sans-serif'\">&nbsp;<\/span><\/p>\n<p style=\"text-align: center\"><span style=\"font-size: 14pt;font-family: 'Arial','sans-serif'\">Renseignements sur la f\u00eate sur facebook.<\/span><\/p>\n<p style=\"text-align: center\"><span style=\"font-size: 14pt;font-family: 'Arial','sans-serif'\">&nbsp;<\/span><\/p>\n<p style=\"text-align: center\"><span style=\"font-size: 14pt;font-family: 'Arial','sans-serif'\">Et n\u2019oubliez pas notre prochain rendez-vous le vendredi 9 septembre&nbsp;:<\/span><\/p>\n<ul style=\"text-align: center\">\n<li><span style=\"font-size: 14pt;font-family: 'Arial','sans-serif'\">19 heures 30&nbsp;: atelier musical<\/span><\/li>\n<li><span style=\"font-size: 14pt;font-family: 'Arial','sans-serif'\">20 heures 30&nbsp;: atelier danses folk<\/span><\/li>\n<\/ul>\n<p style=\"text-align: center\"><span style=\"font-size: 14pt;font-family: 'Arial','sans-serif'\">&nbsp;<\/span><\/p>\n<p style=\"text-align: center\"><span style=\"font-size: 14pt\"><em><span style=\"font-family: 'Arial','sans-serif';color: #333333\">Salle \u00ab\u00a0La T\u00e9t\u00eache\u00a0\u00bb chauss\u00e9e de Dinant 180 \u00e0 Rivi\u00e8re.<\/span><\/em><\/span><\/p>\n<p style=\"text-align: center\"><span style=\"font-size: 14pt;font-family: 'Arial','sans-serif'\">&nbsp;<\/span><\/p>\n<p style=\"text-align: center\"><span style=\"font-size: 14pt;font-family: 'Arial','sans-serif'\">&nbsp;<\/span><\/p>\n<p style=\"text-align: center\"><span style=\"font-size: 14pt\"><span style=\"font-family: 'Arial','sans-serif'\">Contacts et renseignements<\/span><span style=\"font-family: 'Arial','sans-serif'\">&nbsp;: <\/span><\/span><\/p>\n<p style=\"text-align: center\"><span style=\"font-size: 14pt\"><span style=\"font-family: 'Arial','sans-serif'\">Jean-Pierre Wilmotte&nbsp;: 0494\/76.09.28<br \/> <\/span><a href=\"mailto:tetechefolk@gmail.com\"><span style=\"font-family: 'Arial','sans-serif'\">tetechefolk@gmail.com<\/span><\/a><span style=\"font-family: 'Arial','sans-serif'\"> &nbsp; <br \/> Facebook&nbsp;: Teteche Folk<br \/> <\/span><a href=\"http:\/\/www.teteche-folk.be\"><span style=\"font-family: 'Arial','sans-serif'\">www.teteche-folk.be<\/span><\/a><\/span><\/p>\n","protected":false},"excerpt":{"rendered":"<p>Rivi\u00e8re&nbsp;: F\u00eate de l\u2019Ecluse \u2013 le dimanche 31 juillet 2016. La F\u00eate de l\u2019Ecluse est la f\u00eate traditionnelle de Rivi\u00e8re. Elle a lieu chaque ann\u00e9e fin juillet. Nombreuses animations musicales, sportives (saut dans la Meuse en v\u00e9lo), march\u00e9 artisanal etc. Le T\u00e9t\u00eache Band assurera une animation musicale dans le grand chapiteau entre 13 et 14 &hellip; <\/p>\n<p class=\"link-more\"><a href=\"http:\/\/sptja.com\/culture\/2016\/07\/14\/teteche-folk-newsletter-n22-juillet-2016\/\" class=\"more-link\">Continuer la lecture<span class=\"screen-reader-text\"> de &laquo;&nbsp;TETECHE FOLK NEWSLETTER N\u00b022 juillet 2016&nbsp;&raquo;<\/span><\/a><\/p>\n","protected":false},"author":3,"featured_media":0,"comment_status":"closed","ping_status":"open","sticky":false,"template":"","format":"standard","meta":[],"categories":[23,38,41,13,11,44,10],"tags":[],"_links":{"self":[{"href":"http:\/\/sptja.com\/culture\/wp-json\/wp\/v2\/posts\/90"}],"collection":[{"href":"http:\/\/sptja.com\/culture\/wp-json\/wp\/v2\/posts"}],"about":[{"href":"http:\/\/sptja.com\/culture\/wp-json\/wp\/v2\/types\/post"}],"author":[{"embeddable":true,"href":"http:\/\/sptja.com\/culture\/wp-json\/wp\/v2\/users\/3"}],"replies":[{"embeddable":true,"href":"http:\/\/sptja.com\/culture\/wp-json\/wp\/v2\/comments?post=90"}],"version-history":[{"count":0,"href":"http:\/\/sptja.com\/culture\/wp-json\/wp\/v2\/posts\/90\/revisions"}],"wp:attachment":[{"href":"http:\/\/sptja.com\/culture\/wp-json\/wp\/v2\/media?parent=90"}],"wp:term":[{"taxonomy":"category","embeddable":true,"href":"http:\/\/sptja.com\/culture\/wp-json\/wp\/v2\/categories?post=90"},{"taxonomy":"post_tag","embeddable":true,"href":"http:\/\/sptja.com\/culture\/wp-json\/wp\/v2\/tags?post=90"}],"curies":[{"name":"wp","href":"https:\/\/api.w.org\/{rel}","templated":true}]}}