{"id":89,"date":"2016-06-28T22:47:22","date_gmt":"2016-06-28T20:47:22","guid":{"rendered":"http:\/\/sptja.com\/culture\/2016\/06\/28\/exposition-du-mois-de-juillet-2016-a-la-galerie-dartbre\/"},"modified":"2016-06-28T22:47:22","modified_gmt":"2016-06-28T20:47:22","slug":"exposition-du-mois-de-juillet-2016-a-la-galerie-dartbre","status":"publish","type":"post","link":"http:\/\/sptja.com\/culture\/2016\/06\/28\/exposition-du-mois-de-juillet-2016-a-la-galerie-dartbre\/","title":{"rendered":"Exposition du mois de juillet 2016 \u00e0 la Galerie d&rsquo;Art&rsquo;bre"},"content":{"rendered":"<p style=\"text-align: center\"><strong><span style=\"font-size: 14pt\">Florence Mairesse&nbsp;<\/span><\/strong><\/p>\n<p style=\"font-size: medium;text-align: center\"><strong><span style=\"font-family: Helv\u00e9tica;font-size: 14pt\">De fond en comble est un travail pictural ou les espaces et les objets sont privil\u00e9gi\u00e9s, associ\u00e9s avec son ressenti, soit l&rsquo;ambiance qu&rsquo;ils peuvent cr\u00e9er.<\/span><\/strong><\/p>\n<p style=\"text-align: center\">&nbsp;<\/p>\n<p style=\"text-align: center\"><strong><span style=\"font-size: 14pt\"><span style=\"font-family: Helv\u00e9tica\">Allant de la cave au grenier, c&rsquo;est un travail sur les coins intimes d&rsquo;une maison et ses objets.&nbsp;<\/span><span style=\"font-family: Helv\u00e9tica\">Objets du quotidien, usuels, oubli\u00e9s, souvenirs, tous inanim\u00e9s, ne perdant pas pour autant leurs possibilit\u00e9s po\u00e9tiques.<\/span><\/span><\/strong><\/p>\n<p style=\"text-align: center\"><strong><span style=\"font-size: 14pt\"><span style=\"font-family: Helv\u00e9tica\">\u00ab<\/span><em>Objets inanim\u00e9s avez-vous donc une \u00e2me&nbsp;?&nbsp;<\/em><span style=\"font-family: Helv\u00e9tica\">\u00bb&nbsp;<\/span><span style=\"font-family: Helv\u00e9tica\">Lamartine<\/span><\/span><\/strong><\/p>\n<p style=\"text-align: center\"><strong><span style=\"font-family: Helv\u00e9tica;font-size: 14pt\">C&rsquo;est un travail ou l&rsquo;on retrouve aussi une certaine accumulation, ce qui oblige le regard \u00e0 s&rsquo;attarder sur la composition pour y distinguer chaque chose et la nommer alors que ces m\u00eame objets communs passent inaper\u00e7u dans notre quotidien. C&rsquo;est une sorte de remise en ordre du d\u00e9sordre.&nbsp;<\/span><\/strong><\/p>\n<p style=\"text-align: center\"><strong><span style=\"font-family: Helv\u00e9tica;font-size: 14pt\">La palette de couleurs est choisie selon le ressenti du moment et n&rsquo;est souvent pas le reflet de la r\u00e9alit\u00e9.<\/span><\/strong><\/p>\n<p style=\"text-align: center\">&nbsp;<\/p>\n<p style=\"text-align: center\"><strong><span style=\"font-size: 14pt\">Bernard Mairesse&nbsp;<\/span><\/strong><\/p>\n<p style=\"text-align: center\"><strong><span style=\"font-size: 14pt\"><span style=\"font-family: Helv\u00e9tica\">Il met la figuration au service d\u2019une expression que caract\u00e9rise un climat<\/span><span style=\"font-family: Helv\u00e9tica\">&nbsp;&nbsp;<\/span><span style=\"font-family: Helv\u00e9tica\">particulier, quasi envo\u00fbtant, dans lequel la fiction semble se dissoudre dans la r\u00e9alit\u00e9. Dans des d\u00e9cors peints avec une minutie extr\u00eame, les personnages jouent, de mani\u00e8re quelque peu th\u00e9\u00e2trale ,une partition dont le caract\u00e8re symbolique est laiss\u00e9 \u00e0 l\u2019appr\u00e9ciation de chacun. On pourrait situer l\u2019ensemble de ses \u0153uvres comme une tentative de combiner un hyperr\u00e9alisme feutr\u00e9 \u00e0 un n\u00e9o-symbolisme qui n\u2019est pas tellement \u00e9loign\u00e9 des pr\u00e9occupations de<\/span><span style=\"font-family: Helv\u00e9tica\">&nbsp;&nbsp;<\/span><span style=\"font-family: Helv\u00e9tica\">plus d\u2019un artiste contemporain.<\/span><\/span><\/strong><\/p>\n<p style=\"text-align: center\">&nbsp;<\/p>\n<p style=\"font-size: medium;text-align: center\"><strong><span style=\"font-size: 14pt\">Huguette Mairesse<\/span><\/strong><\/p>\n<p style=\"text-align: center\"><strong><span style=\"font-size: 14pt\"><span style=\"font-family: Helv\u00e9tica\">\u00ab\u00a0J\u2019ai beaucoup de plaisir et de bonheur \u00e0 suivre ces cours, \u00e0 peindre et \u00e0 retrouver l\u2019odeur de la t\u00e9r\u00e9benthine et de l\u2019huile. C\u2019est pour moi une grande d\u00e9tente et un moment d\u2019expression exceptionnel. J\u2019aime&nbsp;<\/span><span style=\"font-family: Helv\u00e9tica\">&nbsp;<\/span><span style=\"font-family: Helv\u00e9tica\">peindre la nature, jouer avec la lumi\u00e8re et l\u2019eau. J\u2019adore les grandes \u00e9tendues, les espaces libres, la mer, la montagne. J\u2019aime essayer de donner une atmosph\u00e8re et de rendre l\u2019\u00e9motion qui m\u2019habite devant l\u2019immensit\u00e9\u00a0\u00bb.<\/span><\/span><\/strong><\/p>\n<p style=\"text-align: center\"><img decoding=\"async\" id=\"media-11908585\" style=\"margin: 0.7em 0\" title=\"\" src=\"http:\/\/sptja.com\/media\/221423\/exposition20160709arbre1.jpg\" alt=\"exposition20160709arbre1.jpg\" \/><\/p>\n","protected":false},"excerpt":{"rendered":"<p>Florence Mairesse&nbsp; De fond en comble est un travail pictural ou les espaces et les objets sont privil\u00e9gi\u00e9s, associ\u00e9s avec son ressenti, soit l&rsquo;ambiance qu&rsquo;ils peuvent cr\u00e9er. &nbsp; Allant de la cave au grenier, c&rsquo;est un travail sur les coins intimes d&rsquo;une maison et ses objets.&nbsp;Objets du quotidien, usuels, oubli\u00e9s, souvenirs, tous inanim\u00e9s, ne perdant &hellip; <\/p>\n<p class=\"link-more\"><a href=\"http:\/\/sptja.com\/culture\/2016\/06\/28\/exposition-du-mois-de-juillet-2016-a-la-galerie-dartbre\/\" class=\"more-link\">Continuer la lecture<span class=\"screen-reader-text\"> de &laquo;&nbsp;Exposition du mois de juillet 2016 \u00e0 la Galerie d&rsquo;Art&rsquo;bre&nbsp;&raquo;<\/span><\/a><\/p>\n","protected":false},"author":3,"featured_media":0,"comment_status":"closed","ping_status":"open","sticky":false,"template":"","format":"standard","meta":[],"categories":[23,38,24,41,52,13,47,11,17,26,39,10],"tags":[],"_links":{"self":[{"href":"http:\/\/sptja.com\/culture\/wp-json\/wp\/v2\/posts\/89"}],"collection":[{"href":"http:\/\/sptja.com\/culture\/wp-json\/wp\/v2\/posts"}],"about":[{"href":"http:\/\/sptja.com\/culture\/wp-json\/wp\/v2\/types\/post"}],"author":[{"embeddable":true,"href":"http:\/\/sptja.com\/culture\/wp-json\/wp\/v2\/users\/3"}],"replies":[{"embeddable":true,"href":"http:\/\/sptja.com\/culture\/wp-json\/wp\/v2\/comments?post=89"}],"version-history":[{"count":0,"href":"http:\/\/sptja.com\/culture\/wp-json\/wp\/v2\/posts\/89\/revisions"}],"wp:attachment":[{"href":"http:\/\/sptja.com\/culture\/wp-json\/wp\/v2\/media?parent=89"}],"wp:term":[{"taxonomy":"category","embeddable":true,"href":"http:\/\/sptja.com\/culture\/wp-json\/wp\/v2\/categories?post=89"},{"taxonomy":"post_tag","embeddable":true,"href":"http:\/\/sptja.com\/culture\/wp-json\/wp\/v2\/tags?post=89"}],"curies":[{"name":"wp","href":"https:\/\/api.w.org\/{rel}","templated":true}]}}