{"id":88,"date":"2016-06-11T22:49:00","date_gmt":"2016-06-11T20:49:00","guid":{"rendered":"http:\/\/sptja.com\/culture\/2016\/06\/11\/exposition-du-mois-de-juin-a-la-galerie-dartbre-regine-duliere\/"},"modified":"2016-06-11T22:49:00","modified_gmt":"2016-06-11T20:49:00","slug":"exposition-du-mois-de-juin-a-la-galerie-dartbre-regine-duliere","status":"publish","type":"post","link":"http:\/\/sptja.com\/culture\/2016\/06\/11\/exposition-du-mois-de-juin-a-la-galerie-dartbre-regine-duliere\/","title":{"rendered":"Exposition du mois de juin \u00e0 la Galerie d&rsquo;Art&rsquo;bre \u00ab\u00a0R\u00e9gine Duli\u00e8re\u00a0\u00bb"},"content":{"rendered":"<p><strong><span style=\"font-size: 14pt\">Passionn\u00e9e par le monde v\u00e9g\u00e9tal d\u00e8s son plus jeune \u00e2ge,&nbsp;R\u00e9gine Duli\u00e8re&nbsp;a pratiqu\u00e9 l\u2019art floral pendant plus de 40 ans.<\/span><\/strong><\/p>\n<p><strong><span style=\"font-size: 14pt\">Sans renier les compositions traditionnelles, elle s\u2019est tourn\u00e9e petit \u00e0 petit vers des r\u00e9alisations de plus en plus structur\u00e9es : jusqu\u2019\u00e0 faire le pas de se lancer dans la sculpture qu\u2019elle \u00e9tudie \u00e0 l\u2019acad\u00e9mie des Beaux-arts \u00e0 Namur.<\/span><\/strong><\/p>\n<p><strong><span style=\"font-size: 14pt\">Les mati\u00e8res v\u00e9g\u00e9tales continuent \u00e0 l\u2019inspirer&nbsp;&nbsp;et c\u2019est dans ce domaine qu\u2019elle trouve le plus souvent la possibilit\u00e9 de s\u2019exprimer.<\/span><\/strong><\/p>\n<p><strong><span style=\"font-size: 14pt\">Morceaux de bois, tiges, \u00e9corces, algues\u2026 sont ses \u00ab&nbsp;mati\u00e8res premi\u00e8res&nbsp;\u00bb de pr\u00e9dilection qui lui permettent d\u2019oser\u2026&nbsp;<\/span><\/strong><\/p>\n<p><strong><span style=\"font-size: 14pt\">&nbsp;<em>Un pas plus loin<\/em><\/span><\/strong><\/p>\n<p style=\"text-align: center\"><img decoding=\"async\" id=\"media-11908589\" style=\"margin: 0.7em 0\" title=\"\" src=\"http:\/\/sptja.com\/media\/221423\/exposition20160611arbre1.jpg\" alt=\"exposition20160611arbre1.jpg\" \/><\/p>\n","protected":false},"excerpt":{"rendered":"<p>Passionn\u00e9e par le monde v\u00e9g\u00e9tal d\u00e8s son plus jeune \u00e2ge,&nbsp;R\u00e9gine Duli\u00e8re&nbsp;a pratiqu\u00e9 l\u2019art floral pendant plus de 40 ans. Sans renier les compositions traditionnelles, elle s\u2019est tourn\u00e9e petit \u00e0 petit vers des r\u00e9alisations de plus en plus structur\u00e9es : jusqu\u2019\u00e0 faire le pas de se lancer dans la sculpture qu\u2019elle \u00e9tudie \u00e0 l\u2019acad\u00e9mie des Beaux-arts &hellip; <\/p>\n<p class=\"link-more\"><a href=\"http:\/\/sptja.com\/culture\/2016\/06\/11\/exposition-du-mois-de-juin-a-la-galerie-dartbre-regine-duliere\/\" class=\"more-link\">Continuer la lecture<span class=\"screen-reader-text\"> de &laquo;&nbsp;Exposition du mois de juin \u00e0 la Galerie d&rsquo;Art&rsquo;bre \u00ab\u00a0R\u00e9gine Duli\u00e8re\u00a0\u00bb&nbsp;&raquo;<\/span><\/a><\/p>\n","protected":false},"author":3,"featured_media":0,"comment_status":"closed","ping_status":"open","sticky":false,"template":"","format":"standard","meta":[],"categories":[23,47,10],"tags":[],"_links":{"self":[{"href":"http:\/\/sptja.com\/culture\/wp-json\/wp\/v2\/posts\/88"}],"collection":[{"href":"http:\/\/sptja.com\/culture\/wp-json\/wp\/v2\/posts"}],"about":[{"href":"http:\/\/sptja.com\/culture\/wp-json\/wp\/v2\/types\/post"}],"author":[{"embeddable":true,"href":"http:\/\/sptja.com\/culture\/wp-json\/wp\/v2\/users\/3"}],"replies":[{"embeddable":true,"href":"http:\/\/sptja.com\/culture\/wp-json\/wp\/v2\/comments?post=88"}],"version-history":[{"count":0,"href":"http:\/\/sptja.com\/culture\/wp-json\/wp\/v2\/posts\/88\/revisions"}],"wp:attachment":[{"href":"http:\/\/sptja.com\/culture\/wp-json\/wp\/v2\/media?parent=88"}],"wp:term":[{"taxonomy":"category","embeddable":true,"href":"http:\/\/sptja.com\/culture\/wp-json\/wp\/v2\/categories?post=88"},{"taxonomy":"post_tag","embeddable":true,"href":"http:\/\/sptja.com\/culture\/wp-json\/wp\/v2\/tags?post=88"}],"curies":[{"name":"wp","href":"https:\/\/api.w.org\/{rel}","templated":true}]}}