{"id":84,"date":"2016-05-09T22:46:44","date_gmt":"2016-05-09T20:46:44","guid":{"rendered":"http:\/\/sptja.com\/culture\/2016\/05\/09\/exposition-du-mois-de-mai-a-la-galerie-dartbre\/"},"modified":"2016-05-09T22:46:44","modified_gmt":"2016-05-09T20:46:44","slug":"exposition-du-mois-de-mai-a-la-galerie-dartbre","status":"publish","type":"post","link":"http:\/\/sptja.com\/culture\/2016\/05\/09\/exposition-du-mois-de-mai-a-la-galerie-dartbre\/","title":{"rendered":"Exposition du mois de mai \u00e0 la Galerie d&rsquo;Art&rsquo;bre"},"content":{"rendered":"<p style=\"text-align: center\"><img decoding=\"async\" id=\"media-11855455\" style=\"margin: 0.7em 0\" title=\"\" src=\"http:\/\/sptja.com\/media\/221423\/galerie2016arbre05profondeville1.jpg\" alt=\"galerie2016arbre05profondeville1.jpg\" \/><\/p>\n<p style=\"text-align: center\"><strong><font>Claudine Lev\u00eaque,<span style=\"font-size: 24px\">&nbsp;<em>collages et peintures<\/em><\/span><span style=\"font-size: 24px\">&nbsp;<\/span><\/font><\/strong><\/p>\n<p style=\"text-align: center\"><strong><font>&nbsp;<\/font><\/strong><\/p>\n<p style=\"text-align: center\"><strong><font>Elle se passionne pour l\u2019architecture du sacr\u00e9 et son rapport parfois grave, parfois malicieux, avec l\u2019humain, comme cette libert\u00e9 conduisant le peuple sur le d\u00f4me d\u2019une cath\u00e9drale ou des Ganeshs qui se jouent de l\u2019\u0153il qui les regarde.<\/font><\/strong><\/p>\n<p style=\"text-align: center\"><strong><font>La technique m\u00e9lange les genres. A l\u2019image de la vie. Sur une base de carton et de papier japonais maroufl\u00e9s sur bois,&nbsp;Claudine Lev\u00eaque&nbsp;colle ce qu\u2019elle glane le long de ses routes : du sable, des bribes de jute, de paillettes, de photos, du papier dor\u00e9, textur\u00e9, soyeux, rugueux. Tant\u00f4t le pastel domine, tant\u00f4t l\u2019huile ou encore l\u2019acrylique. Les cartons d\u00e9bordent les cadres. Les papiers deviennent tissus ou gondolent comme s\u2019ils \u00e9taient pr\u00eats \u00e0 s\u2019envoler. Tout est couleur et mati\u00e8re dans une joyeuse cacophonie qui transgresse les codes de l\u2019unit\u00e9 de style.<\/font><\/strong><\/p>\n<p style=\"text-align: center\"><strong><font>L\u2019\u0153uvre inspire, r\u00e9jouit et questionne ce que l\u2019Homme dit de ses r\u00eaves, de ses joies, de ses peurs et de ses esp\u00e9rances.<\/font><\/strong><\/p>\n<p style=\"text-align: center\"><strong><span style=\"font-size: 24px\"><font>&nbsp;<\/font><\/span><\/strong><\/p>\n<p style=\"text-align: center\"><strong><span style=\"font-size: 24px\"><font>Mich\u00e8le Haenen,<\/font><\/span><span style=\"font-family: Arial\">&nbsp;<em style=\"font-size: 24px\">sculptures et&nbsp;<\/em><\/span><font><em style=\"font-size: 24px\">c\u00e9ramiques<\/em><\/font><\/strong><\/p>\n<p style=\"text-align: center\">&nbsp;<\/p>\n<p style=\"text-align: center\"><strong><span style=\"font-family: Arial\">Depuis plusieurs ann\u00e9es&nbsp;<\/span><font>Mich\u00e8le Haenen<\/font><span style=\"font-family: Arial\">&nbsp;sculpte e<\/span><span style=\"font-family: Arial\">n autodidacte, elle travaille l&rsquo;argile patin\u00e9e et passe&nbsp;\u00e0 la c\u00e9ramique suite \u00e0 une tr\u00e8s belle rencontre avec Bernadette Michaux et Bernard Pierre.<\/span><\/strong><\/p>\n<p style=\"text-align: center\"><strong><span style=\"font-family: Arial\">Continuellement en recherche elle garde son sujet de pr\u00e9dilection, l&rsquo;humain et en particulier la femme.<\/span><\/strong><\/p>\n<p style=\"text-align: center\"><strong><font>Mich\u00e8le Haenen<\/font><span style=\"font-family: Arial\">&nbsp;aime les finitions rustiques sur des formes plus \u00e9pur\u00e9es.<\/span><\/strong><\/p>\n<p style=\"text-align: center\"><img decoding=\"async\" id=\"media-11855456\" style=\"margin: 0.7em 0\" title=\"\" src=\"http:\/\/sptja.com\/media\/221423\/galerie2016arbre05profondeville2.jpg\" alt=\"galerie2016arbre05profondeville2.jpg\" \/><\/p>\n<div><span class=\"Apple-style-span\" style=\"font-size: xx-large;color: #0d9141\"><strong><em>La Galerie est ouverte tous les samedis et dimanches de 14 \u00e0 18 heures et sur rendez-vous.<\/em><\/strong><\/span><\/div>\n","protected":false},"excerpt":{"rendered":"<p>Claudine Lev\u00eaque,&nbsp;collages et peintures&nbsp; &nbsp; Elle se passionne pour l\u2019architecture du sacr\u00e9 et son rapport parfois grave, parfois malicieux, avec l\u2019humain, comme cette libert\u00e9 conduisant le peuple sur le d\u00f4me d\u2019une cath\u00e9drale ou des Ganeshs qui se jouent de l\u2019\u0153il qui les regarde. La technique m\u00e9lange les genres. A l\u2019image de la vie. Sur une &hellip; <\/p>\n<p class=\"link-more\"><a href=\"http:\/\/sptja.com\/culture\/2016\/05\/09\/exposition-du-mois-de-mai-a-la-galerie-dartbre\/\" class=\"more-link\">Continuer la lecture<span class=\"screen-reader-text\"> de &laquo;&nbsp;Exposition du mois de mai \u00e0 la Galerie d&rsquo;Art&rsquo;bre&nbsp;&raquo;<\/span><\/a><\/p>\n","protected":false},"author":3,"featured_media":0,"comment_status":"closed","ping_status":"open","sticky":false,"template":"","format":"standard","meta":[],"categories":[23,41,13,47,22,11,17,26,29,39,10],"tags":[],"_links":{"self":[{"href":"http:\/\/sptja.com\/culture\/wp-json\/wp\/v2\/posts\/84"}],"collection":[{"href":"http:\/\/sptja.com\/culture\/wp-json\/wp\/v2\/posts"}],"about":[{"href":"http:\/\/sptja.com\/culture\/wp-json\/wp\/v2\/types\/post"}],"author":[{"embeddable":true,"href":"http:\/\/sptja.com\/culture\/wp-json\/wp\/v2\/users\/3"}],"replies":[{"embeddable":true,"href":"http:\/\/sptja.com\/culture\/wp-json\/wp\/v2\/comments?post=84"}],"version-history":[{"count":0,"href":"http:\/\/sptja.com\/culture\/wp-json\/wp\/v2\/posts\/84\/revisions"}],"wp:attachment":[{"href":"http:\/\/sptja.com\/culture\/wp-json\/wp\/v2\/media?parent=84"}],"wp:term":[{"taxonomy":"category","embeddable":true,"href":"http:\/\/sptja.com\/culture\/wp-json\/wp\/v2\/categories?post=84"},{"taxonomy":"post_tag","embeddable":true,"href":"http:\/\/sptja.com\/culture\/wp-json\/wp\/v2\/tags?post=84"}],"curies":[{"name":"wp","href":"https:\/\/api.w.org\/{rel}","templated":true}]}}