{"id":83,"date":"2016-05-07T23:04:50","date_gmt":"2016-05-07T21:04:50","guid":{"rendered":"http:\/\/sptja.com\/culture\/2016\/05\/07\/teteche-folk-newsletter-n20-mai-2016\/"},"modified":"2016-05-07T23:04:50","modified_gmt":"2016-05-07T21:04:50","slug":"teteche-folk-newsletter-n20-mai-2016","status":"publish","type":"post","link":"http:\/\/sptja.com\/culture\/2016\/05\/07\/teteche-folk-newsletter-n20-mai-2016\/","title":{"rendered":"TETECHE FOLK NEWSLETTER N\u00b020 Mai 2016"},"content":{"rendered":"<p><strong><span style=\"font-size: 12.0pt;font-family: 'Arial','sans-serif'\">PROCHAINE ANIMATION&nbsp;: LE VENDREDI 13 mai <\/span><\/strong><\/p>\n<p><strong><span style=\"font-size: 12pt\"><span style=\"font-family: 'Arial','sans-serif'\">19 heures 30&nbsp;: atelier musical<\/span><\/span><\/strong><span style=\"font-size: 10.0pt;font-family: 'Arial','sans-serif'\"><strong><span style=\"font-size: 12pt\">&nbsp;: <span style=\"color: black\">Egan\u2019s Polka (Irlande), Matelotte de la Fange (Wallonie), Polka de C\u00e9lestine (Wallonie).<\/span><\/span><\/strong><\/p>\n<p> <span style=\"font-size: 12pt\"><strong>20 heures 30&nbsp;: atelier danses&nbsp;: cercle circassien (autre version) et quelques danses bretonnes.<\/strong><\/span><\/p>\n<p> <\/span><span style=\"font-size: 12pt\"><strong><span style=\"font-family: 'Arial','sans-serif'\">ASSURANCE<\/span><\/strong><\/span><\/p>\n<p><span style=\"font-size: 12pt\"><strong><span style=\"font-family: 'Arial','sans-serif'\">\u00c7a faisait longtemps que j\u2019y pensais et voil\u00e0, c\u2019est fait. Les participants aux ateliers sont maintenant assur\u00e9s (chez Ethias)&nbsp;: assurance responsabilit\u00e9 civile et accidents corporels.<\/span><\/strong><\/span><\/p>\n<p><span style=\"font-size: 12pt\"><strong><span style=\"font-family: 'Arial','sans-serif'\">SITE WEB ET VIDEO<\/span><\/strong><\/span><\/p>\n<p><span style=\"font-size: 12pt\"><strong><span style=\"font-family: 'Arial','sans-serif'\">N\u2019oubliez pas de visiter notre site web&nbsp;: <\/span><a href=\"http:\/\/www.teteche-folk.be\"><span style=\"font-family: 'Arial','sans-serif'\">www.teteche-folk.be<\/span><\/a><span style=\"font-family: 'Arial','sans-serif'\">. Vous y trouverez toutes les informations utiles, mais aussi un album photos, vid\u00e9os \u2026 Le site a \u00e9t\u00e9 visit\u00e9 plus de 3500 fois depuis sa cr\u00e9ation.<br \/> <\/span><span style=\"font-family: 'Arial','sans-serif'\"><br \/> RAPPEL AUX MUSICIENS DE LA TETECHE (TETECHE BAND)<\/span><\/strong><\/span><\/p>\n<p><span style=\"font-size: 12pt\"><strong><span style=\"font-family: 'Arial','sans-serif'\">Il est toujours possible aux musiciens de nous rejoindre pour participer au bal mensuel de Folknam Musique Trad au CINEX le vendredi 1<sup>er<\/sup> juillet 2016 Afin de planifier les r\u00e9p\u00e9tions j\u2019ai envoy\u00e9 un mail aux musiciens habitu\u00e9s de nos ateliers. Certains n\u2019ont pas encore r\u00e9pondu, alors, \u00e0 votre plume \u00e9lectronique&nbsp;! <\/span><\/strong><\/span><\/p>\n<p><span style=\"font-size: 12pt\"><strong><em><span style=\"font-family: 'Arial','sans-serif';color: #333333\">Salle \u00ab\u00a0La T\u00e9t\u00eache\u00a0\u00bb chauss\u00e9e de Dinant 180 \u00e0 Rivi\u00e8re.<\/span><\/em><\/strong><\/span><\/p>\n<p><span style=\"font-size: 12pt\"><strong><span style=\"font-family: 'Arial','sans-serif'\">Contacts et renseignements<\/span><span style=\"font-family: 'Arial','sans-serif'\">&nbsp;: <\/span><\/strong><\/span><\/p>\n<p><span style=\"font-size: 12pt\"><strong><span style=\"font-family: 'Arial','sans-serif'\">Jean-Pierre Wilmotte&nbsp;: 0494\/76.09.28<br \/> <\/span><a href=\"mailto:tetechefolk@gmail.com\"><span style=\"font-family: 'Arial','sans-serif'\">tetechefolk@gmail.com<\/span><\/a><span style=\"font-family: 'Arial','sans-serif'\"> &nbsp; <br \/> Facebook&nbsp;: Teteche Folk<br \/> <\/span><a href=\"http:\/\/www.teteche-folk.be\"><span style=\"font-family: 'Arial','sans-serif'\">www.teteche-folk.be<\/span><\/a><\/strong><\/span><\/p>\n","protected":false},"excerpt":{"rendered":"<p>PROCHAINE ANIMATION&nbsp;: LE VENDREDI 13 mai 19 heures 30&nbsp;: atelier musical&nbsp;: Egan\u2019s Polka (Irlande), Matelotte de la Fange (Wallonie), Polka de C\u00e9lestine (Wallonie). 20 heures 30&nbsp;: atelier danses&nbsp;: cercle circassien (autre version) et quelques danses bretonnes. ASSURANCE \u00c7a faisait longtemps que j\u2019y pensais et voil\u00e0, c\u2019est fait. Les participants aux ateliers sont maintenant assur\u00e9s (chez &hellip; <\/p>\n<p class=\"link-more\"><a href=\"http:\/\/sptja.com\/culture\/2016\/05\/07\/teteche-folk-newsletter-n20-mai-2016\/\" class=\"more-link\">Continuer la lecture<span class=\"screen-reader-text\"> de &laquo;&nbsp;TETECHE FOLK NEWSLETTER N\u00b020 Mai 2016&nbsp;&raquo;<\/span><\/a><\/p>\n","protected":false},"author":3,"featured_media":0,"comment_status":"closed","ping_status":"open","sticky":false,"template":"","format":"standard","meta":[],"categories":[38,41,48,13,42,11,5,39,36,44,10],"tags":[],"_links":{"self":[{"href":"http:\/\/sptja.com\/culture\/wp-json\/wp\/v2\/posts\/83"}],"collection":[{"href":"http:\/\/sptja.com\/culture\/wp-json\/wp\/v2\/posts"}],"about":[{"href":"http:\/\/sptja.com\/culture\/wp-json\/wp\/v2\/types\/post"}],"author":[{"embeddable":true,"href":"http:\/\/sptja.com\/culture\/wp-json\/wp\/v2\/users\/3"}],"replies":[{"embeddable":true,"href":"http:\/\/sptja.com\/culture\/wp-json\/wp\/v2\/comments?post=83"}],"version-history":[{"count":0,"href":"http:\/\/sptja.com\/culture\/wp-json\/wp\/v2\/posts\/83\/revisions"}],"wp:attachment":[{"href":"http:\/\/sptja.com\/culture\/wp-json\/wp\/v2\/media?parent=83"}],"wp:term":[{"taxonomy":"category","embeddable":true,"href":"http:\/\/sptja.com\/culture\/wp-json\/wp\/v2\/categories?post=83"},{"taxonomy":"post_tag","embeddable":true,"href":"http:\/\/sptja.com\/culture\/wp-json\/wp\/v2\/tags?post=83"}],"curies":[{"name":"wp","href":"https:\/\/api.w.org\/{rel}","templated":true}]}}