{"id":76,"date":"2016-02-25T17:48:33","date_gmt":"2016-02-25T16:48:33","guid":{"rendered":"http:\/\/sptja.com\/culture\/2016\/02\/25\/exposition-du-mois-de-mars-2016-a-la-galerie-dartbre\/"},"modified":"2016-02-25T17:48:33","modified_gmt":"2016-02-25T16:48:33","slug":"exposition-du-mois-de-mars-2016-a-la-galerie-dartbre","status":"publish","type":"post","link":"http:\/\/sptja.com\/culture\/2016\/02\/25\/exposition-du-mois-de-mars-2016-a-la-galerie-dartbre\/","title":{"rendered":"Exposition du mois de mars 2016 \u00e0 la Galerie d&rsquo;Art&rsquo;bre"},"content":{"rendered":"<p style=\"text-align: center\"><img decoding=\"async\" id=\"media-11770500\" style=\"margin: 0.7em 0\" title=\"\" src=\"http:\/\/sptja.com\/media\/221423\/galerie20160305arbre1.jpg\" alt=\"galerie20160305arbre1.jpg\" \/><\/p>\n<p><span style=\"font-size: 24px\"><font><strong><em>Dominique MOSSERAY<\/em><\/strong><\/font><\/span><\/p>\n<p>&nbsp;<\/p>\n<p style=\"text-align: center\"><span style=\"font-size: 12pt\"><strong>Les sculptures de&nbsp;<em>Dominique Mosseray<\/em>&nbsp;ont \u00e9t\u00e9 model\u00e9es \u00e0 base d\u2019argile, cuites \u00e0 gr\u00e8s ou enfum\u00e9es au bois.<\/strong><\/span><\/p>\n<p style=\"text-align: center\"><span style=\"font-size: 12pt\"><strong>Ses nouvelles cr\u00e9ations sont empreintes \u00e0 la fois de rondeur, de force, de douceur et de sensualit\u00e9.<\/strong><\/span><\/p>\n<p style=\"text-align: center\"><span style=\"font-size: 12pt\"><strong>Elles laissent l\u2019esprit vagabonder dans une perception intime de chaque pi\u00e8ce.<\/strong><\/span><\/p>\n<p style=\"text-align: center\">&nbsp;<\/p>\n<p style=\"text-align: center\"><span style=\"font-size: 12pt\"><strong><em>Dominique Mosseray<\/em>&nbsp;est c\u00e9ramiste professionnelle depuis 30 ans, et en recherches perp\u00e9tuelles, sa vie d\u2019artisan et d\u2019artiste est pour elle un long cheminement fait de rencontres, d\u2019essais, de d\u00e9couvertes, de remises en questions, pour arriver un jour \u00e0 l\u2019\u0153uvre ultime. Dans ce parcours, sa rencontre avec&nbsp;<em>\u00ab l\u2019arbre \u00bb&nbsp;<\/em>sous la forme de baobabs est devenu une gr\u00e2ce, un v\u00e9ritable moyen d\u2019expression perp\u00e9tuel, il est source de vie et de mort, il permet d\u2019exprimer \u00e0 la fois les passions humaines et nous renvoie \u00e0 l\u2019universalit\u00e9 et \u00e0 l\u2019intemporel.<\/strong><\/span><\/p>\n<p style=\"text-align: center\">&nbsp;<\/p>\n<p>&nbsp;<\/p>\n<p><span style=\"font-size: 24px\"><strong><em><font>Rose-Marie NO\u00cb<\/font><\/em><\/strong><\/span><font><font>&nbsp;<\/font><\/font><\/p>\n<p style=\"text-align: center\"><span style=\"font-size: 12px\"><strong><em style=\"font-size: medium\">Rose-Marie No\u00eb&nbsp;<\/em><\/strong><\/span><span style=\"font-size: 12pt\"><strong><font>con\u00e7oit&nbsp;son travail plastique comme un long cheminement.<\/font><\/strong><\/span><\/p>\n<p style=\"text-align: center\"><span style=\"font-size: 12pt\"><strong><font>Apr\u00e8s avoir r\u00e9alis\u00e9 une s\u00e9rie de dessins surr\u00e9alistes (1975-82) elle s\u2019oriente vers le support textile.<\/font><\/strong><\/span><\/p>\n<p style=\"text-align: center\"><span style=\"font-size: 12pt\"><strong><font>De 1983 \u00e0 1997, elle cr\u00e9e ainsi&nbsp;&nbsp;une s\u00e9rie de&nbsp;patchworks de soies aux couleurs chatoyantes.<\/font><\/strong><\/span><\/p>\n<p style=\"text-align: center\"><span style=\"font-size: 12pt\"><strong><font>De 1997 \u00e0 aujourd\u2019hui, son art, de plus en plus \u00e9pur\u00e9, \u00e9volue vers le graphisme, le monochrome et le relief, donnant naissance \u00e0 un nouveau langage, une \u00e9criture particuli\u00e8re.<\/font><\/strong><\/span><\/p>\n<p style=\"text-align: center\"><span style=\"font-size: 12pt\"><strong><font>&nbsp;<\/font><\/strong><\/span><\/p>\n<p style=\"text-align: center\"><span style=\"font-size: 12pt\"><strong><font>Les Bas-Reliefs monochromes&nbsp;pr\u00e9sent\u00e9s ici sont&nbsp;en soies sculpt\u00e9es par des cordages, au c\u0153ur desquelles sont ins\u00e9r\u00e9es, parfois, des parties sculpt\u00e9es au couteau dans le polystyr\u00e8ne.<\/font><\/strong><\/span><\/p>\n<p style=\"text-align: center\"><span style=\"font-size: 12pt\"><strong><font>Ainsi&nbsp;&nbsp;surgissent ces reliefs accrochant la lumi\u00e8re, comme des t\u00e9moins d\u2019une vie int\u00e9rieure.<\/font><\/strong><\/span><\/p>\n<p style=\"text-align: center\"><span style=\"font-size: 12pt\"><strong><font>Alliant rigueur du dessin et beaut\u00e9 envoutante de la soie, ces Bas-Reliefs&nbsp;&nbsp;deviennent&nbsp;&nbsp;l\u2019expression d\u2019une d\u00e9marche m\u00e9ditative sur la vie, la mort, l\u2019impermanence.<\/font><\/strong><\/span><\/p>\n<p style=\"text-align: center\"><span style=\"font-size: 12pt\"><strong><font><em>&nbsp;<\/em><\/font><\/strong><\/span><\/p>\n<p style=\"text-align: center\"><span style=\"font-size: 12pt\"><strong><font><em>\u00ab D\u00e9pouillement, sensualit\u00e9, r\u00eave, \u00e9chapp\u00e9e vers un autre monde\u2026<\/em><\/font><\/strong><\/span><\/p>\n<p style=\"text-align: center\"><span style=\"font-size: 12pt\"><strong><font><em>Cet antique mat\u00e9riau qu\u2019est la soie trouve ici une expression pleinement contemporaine. \u00bb<\/em><\/font><\/strong><\/span><\/p>\n<p style=\"text-align: center\"><span style=\"font-size: 12pt\"><strong><font>(A.Gyre, 26-11-2011)<\/font><\/strong><\/span><\/p>\n<p style=\"text-align: center\"><span style=\"font-size: 12pt\"><strong><font><em>\u00ab Dire le plus avec le moins, cr\u00e9er un art tr\u00e8s sobre et en m\u00eame temps capable d\u2019\u00e9mouvoir, voici le pari r\u00e9ussi de Rose-Marie No\u00eb. \u00bb&nbsp;<\/em><\/font><font>(Presse-Mus\u00e9e, 6-2012)<\/font><\/strong><\/span><\/p>\n<p style=\"text-align: center\">&nbsp;<\/p>\n<p style=\"text-align: center\"><img decoding=\"async\" id=\"media-11770503\" style=\"margin: 0.7em 0\" title=\"\" src=\"http:\/\/sptja.com\/media\/221423\/galerie20160305arbre3.jpg\" alt=\"galerie20160305arbre3.jpg\" \/><\/p>\n<p style=\"text-align: center\"><img decoding=\"async\" id=\"media-11770501\" style=\"margin: 0.7em 0\" title=\"\" src=\"http:\/\/sptja.com\/media\/221423\/galerie20160305arbre2.jpg\" alt=\"galerie20160305arbre2.jpg\" \/><\/p>\n<p><span style=\"font-size: 14pt;color: #008000\"><font><strong><em>La Galerie est ouverte tous les samedis et dimanches de 14 \u00e0 18 heures et sur rendez-vous.<\/em><\/strong><\/font><\/span><\/p>\n","protected":false},"excerpt":{"rendered":"<p>Dominique MOSSERAY &nbsp; Les sculptures de&nbsp;Dominique Mosseray&nbsp;ont \u00e9t\u00e9 model\u00e9es \u00e0 base d\u2019argile, cuites \u00e0 gr\u00e8s ou enfum\u00e9es au bois. Ses nouvelles cr\u00e9ations sont empreintes \u00e0 la fois de rondeur, de force, de douceur et de sensualit\u00e9. Elles laissent l\u2019esprit vagabonder dans une perception intime de chaque pi\u00e8ce. &nbsp; Dominique Mosseray&nbsp;est c\u00e9ramiste professionnelle depuis 30 ans, &hellip; <\/p>\n<p class=\"link-more\"><a href=\"http:\/\/sptja.com\/culture\/2016\/02\/25\/exposition-du-mois-de-mars-2016-a-la-galerie-dartbre\/\" class=\"more-link\">Continuer la lecture<span class=\"screen-reader-text\"> de &laquo;&nbsp;Exposition du mois de mars 2016 \u00e0 la Galerie d&rsquo;Art&rsquo;bre&nbsp;&raquo;<\/span><\/a><\/p>\n","protected":false},"author":3,"featured_media":0,"comment_status":"closed","ping_status":"open","sticky":false,"template":"","format":"standard","meta":[],"categories":[23,38,41,51,13,47,22,11,10],"tags":[],"_links":{"self":[{"href":"http:\/\/sptja.com\/culture\/wp-json\/wp\/v2\/posts\/76"}],"collection":[{"href":"http:\/\/sptja.com\/culture\/wp-json\/wp\/v2\/posts"}],"about":[{"href":"http:\/\/sptja.com\/culture\/wp-json\/wp\/v2\/types\/post"}],"author":[{"embeddable":true,"href":"http:\/\/sptja.com\/culture\/wp-json\/wp\/v2\/users\/3"}],"replies":[{"embeddable":true,"href":"http:\/\/sptja.com\/culture\/wp-json\/wp\/v2\/comments?post=76"}],"version-history":[{"count":0,"href":"http:\/\/sptja.com\/culture\/wp-json\/wp\/v2\/posts\/76\/revisions"}],"wp:attachment":[{"href":"http:\/\/sptja.com\/culture\/wp-json\/wp\/v2\/media?parent=76"}],"wp:term":[{"taxonomy":"category","embeddable":true,"href":"http:\/\/sptja.com\/culture\/wp-json\/wp\/v2\/categories?post=76"},{"taxonomy":"post_tag","embeddable":true,"href":"http:\/\/sptja.com\/culture\/wp-json\/wp\/v2\/tags?post=76"}],"curies":[{"name":"wp","href":"https:\/\/api.w.org\/{rel}","templated":true}]}}