{"id":74,"date":"2016-01-06T23:35:00","date_gmt":"2016-01-06T22:35:00","guid":{"rendered":"http:\/\/sptja.com\/culture\/2016\/01\/06\/teteche-folk-newsletter-n16-janvier-2016\/"},"modified":"2016-01-06T23:35:00","modified_gmt":"2016-01-06T22:35:00","slug":"teteche-folk-newsletter-n16-janvier-2016","status":"publish","type":"post","link":"http:\/\/sptja.com\/culture\/2016\/01\/06\/teteche-folk-newsletter-n16-janvier-2016\/","title":{"rendered":"TETECHE FOLK NEWSLETTER N\u00b016 Janvier 2016"},"content":{"rendered":"<div dir=\"ltr\">\n<div><span style=\"color: #ff0000\"><strong>Bonjour \u00e0 tous,<\/strong><\/span><\/div>\n<div>&nbsp;<\/div>\n<div><span style=\"color: #ff0000\"><strong>Vu les circonstances climatiques difficiles, je pense qu&rsquo;il est sage d&rsquo;annuler l&rsquo;animation de ce soir. A Rivi\u00e8re, la neige n&rsquo;arr\u00eate pas de tomber depuis quelques heures. Dans l&rsquo;\u00e9tat actuel des choses, je ne pourrais m\u00eame par rejoindre la salle, \u00e0 moins d&rsquo;un kilom\u00e8tre de la maison.<\/strong><\/span><\/div>\n<div>&nbsp;<\/div>\n<div><span style=\"color: #ff0000\"><strong>D\u00e9j\u00e0 plusieurs habitu\u00e9s mont t\u00e9l\u00e9phon\u00e9 pour me dire qu&rsquo;ils ne pourraient venir.<\/strong><\/span><\/div>\n<div>&nbsp;<\/div>\n<div><span style=\"color: #ff0000\"><strong>Je vous mets donc rendez-vous le vendredi 12 f\u00e9vrier pour notre souper fromage. Les premiers renseignements se trouvent sur le site : <a style=\"color: #ff0000\" href=\"http:\/\/www.teteche-folk.be\">www.teteche-folk.be<\/a>.<\/strong><\/span><\/div>\n<div>&nbsp;<\/div>\n<div><span style=\"color: #ff0000\"><strong>Je vous souhaite n\u00e9anmoins une bonne soir\u00e9e et un magnifique weekend. Profitez bien de la neige !<\/strong><\/span><\/div>\n<div>&nbsp;<\/div>\n<div><span style=\"color: #ff0000\"><strong>Jean-Pierre<\/strong><\/span><\/div>\n<\/div>\n<p><strong><span style=\"font-size: 16.0pt\">**********************************************<\/span><\/strong><\/p>\n<p><strong><span style=\"font-size: 16.0pt\">PROCHAINE ANIMATION&nbsp;: LE VENDREDI 15 JANVIER :<\/span><\/strong><\/p>\n<p><span style=\"font-size: 12.0pt\"><strong>19 heures 30&nbsp;<\/strong>: <\/span><strong><span style=\"font-size: 14.0pt\">atelier musical<\/span><\/strong><span style=\"font-size: 14.0pt\">.<\/span><span style=\"font-size: 12.0pt\"><br \/> <strong>20 heures 30&nbsp;:<\/strong> <\/span><strong><span style=\"font-size: 14.0pt\">atelier danses<\/span><\/strong><span style=\"font-size: 12.0pt\">&nbsp;<strong>: f\u00eatons 2016 avec des danses communautaires&nbsp;: gigues, cercles siciliens et circassiens, mixers, contredanses etc.<\/strong><br \/> <strong>22 heures&nbsp;: <\/strong><\/span><strong><span style=\"font-size: 14.0pt\">bal folk<\/span><span style=\"font-size: 12pt\"> avec <\/span><span style=\"font-size: 14.0pt\">Wall Street<\/span><\/strong><span style=\"font-size: 12.0pt\">&nbsp;: <strong>Luc Demulder (guitare et cornemuse), Jean-Pierre Wilmotte (accord\u00e9on, cornemuse, fl\u00fbte) \u2013 <a href=\"http:\/\/www.wallstreetfolk.be\">www.wallstreetfolk.be<\/a>.<\/strong><\/span><\/p>\n<p><strong><span style=\"font-size: 16.0pt\">SITE WEB ET VIDEO<\/span><\/strong><\/p>\n<p><span style=\"font-size: 12.0pt\"><strong>N\u2019oubliez pas de visiter notre site web&nbsp;: <a href=\"http:\/\/www.teteche-folk.be\">www.teteche-folk.be<\/a>. Vous y trouverez toutes les informations utiles.<\/strong> <br \/> <strong>Nouveaut\u00e9<\/strong>&nbsp;: <strong>la mise en ligne d\u2019une<\/strong> <strong>vid\u00e9o<\/strong> <strong>film\u00e9e lors de notre animation du 13 novembre et r\u00e9alis\u00e9e par Jean Pierard. Onglet \u00ab&nbsp;vid\u00e9o&nbsp;\u00bb&nbsp;: vous serez ensuite redirig\u00e9 vers Youtube.<\/strong><\/span><\/p>\n<p><strong><span style=\"font-size: 16.0pt\">LE 12 FEVRIER&nbsp;: ANIMATION SPECIALE&nbsp;: SOUPER AUX FROMAGES<\/span><\/strong><\/p>\n<p><strong><span style=\"font-size: 12pt\">Comme l\u2019an pass\u00e9, nous remettrons le couvert avec un souper convivial&nbsp;: chacun apporte son fromage (un par couple semble suffisant) ou sa charcutaille. Le tout est dispos\u00e9 sur une table et chacun se sert \u2026 C\u2019est gratuit (sauf les boissons bien entendu). T\u00e9t\u00eache Folk vous offrira l\u2019ap\u00e9ritif d\u00e8s 20 heures et fournira les accompagnements&nbsp;: salades, pain raisins \u2026<\/span><\/strong><\/p>\n<p><strong><span style=\"font-size: 12pt\">Inscription indispensable pour la bonne organisation&nbsp;: <a href=\"mailto:tetechefolk@gmail.com\">tetechefolk@gmail.com<\/a>.<\/span><\/strong><\/p>\n<p><strong><span style=\"font-size: 12pt\">Si vous souhaitez nous donner un coup de main pour l\u2019organisation, faites-le nous savoir.<\/span><\/strong><\/p>\n<p><strong><span style=\"font-size: 12pt\">N\u2019oubliez pas de consulter aussi notre page FaceBook. <\/span><\/strong><\/p>\n<p><strong><span style=\"font-size: 12pt\">Si vous avez r\u00e9alis\u00e9 des photos lors d\u2019une de nos animations, n\u2019h\u00e9sitez pas \u00e0 <\/span><span style=\"font-size: 12pt\">nous les faire parvenir&nbsp;: elles compl\u00e8teront l\u2019album photo de notre site.<\/span><\/strong><\/p>\n<p><span style=\"font-size: 14pt\"><strong><em><span style=\"font-family: 'Calibri','sans-serif';color: #333333\">Salle \u00ab\u00a0La T\u00e9t\u00eache\u00a0\u00bb chauss\u00e9e de Dinant 180 \u00e0 Rivi\u00e8re.<\/span><\/em><\/strong><\/span><\/p>\n<p><strong><span style=\"font-size: 12.0pt\">Contacts et renseignements<\/span><\/strong><span style=\"font-size: 12.0pt\">&nbsp;: <\/span><\/p>\n<p><strong><span style=\"font-size: 12pt\">Jean-Pierre Wilmotte&nbsp;: 0494\/76.09.28<br \/> <a href=\"mailto:tetechefolk@gmail.com\">tetechefolk@gmail.com<\/a> &nbsp; <br \/> Facebook&nbsp;: Teteche Folk<br \/> <a href=\"http:\/\/www.teteche-folk.be\">www.teteche-folk.be<\/a><\/span><\/strong><\/p>\n","protected":false},"excerpt":{"rendered":"<p>Bonjour \u00e0 tous, &nbsp; Vu les circonstances climatiques difficiles, je pense qu&rsquo;il est sage d&rsquo;annuler l&rsquo;animation de ce soir. A Rivi\u00e8re, la neige n&rsquo;arr\u00eate pas de tomber depuis quelques heures. Dans l&rsquo;\u00e9tat actuel des choses, je ne pourrais m\u00eame par rejoindre la salle, \u00e0 moins d&rsquo;un kilom\u00e8tre de la maison. &nbsp; D\u00e9j\u00e0 plusieurs habitu\u00e9s mont &hellip; <\/p>\n<p class=\"link-more\"><a href=\"http:\/\/sptja.com\/culture\/2016\/01\/06\/teteche-folk-newsletter-n16-janvier-2016\/\" class=\"more-link\">Continuer la lecture<span class=\"screen-reader-text\"> de &laquo;&nbsp;TETECHE FOLK NEWSLETTER N\u00b016 Janvier 2016&nbsp;&raquo;<\/span><\/a><\/p>\n","protected":false},"author":3,"featured_media":0,"comment_status":"closed","ping_status":"open","sticky":false,"template":"","format":"standard","meta":[],"categories":[23,38,41,11,5,29,44,10],"tags":[],"_links":{"self":[{"href":"http:\/\/sptja.com\/culture\/wp-json\/wp\/v2\/posts\/74"}],"collection":[{"href":"http:\/\/sptja.com\/culture\/wp-json\/wp\/v2\/posts"}],"about":[{"href":"http:\/\/sptja.com\/culture\/wp-json\/wp\/v2\/types\/post"}],"author":[{"embeddable":true,"href":"http:\/\/sptja.com\/culture\/wp-json\/wp\/v2\/users\/3"}],"replies":[{"embeddable":true,"href":"http:\/\/sptja.com\/culture\/wp-json\/wp\/v2\/comments?post=74"}],"version-history":[{"count":0,"href":"http:\/\/sptja.com\/culture\/wp-json\/wp\/v2\/posts\/74\/revisions"}],"wp:attachment":[{"href":"http:\/\/sptja.com\/culture\/wp-json\/wp\/v2\/media?parent=74"}],"wp:term":[{"taxonomy":"category","embeddable":true,"href":"http:\/\/sptja.com\/culture\/wp-json\/wp\/v2\/categories?post=74"},{"taxonomy":"post_tag","embeddable":true,"href":"http:\/\/sptja.com\/culture\/wp-json\/wp\/v2\/tags?post=74"}],"curies":[{"name":"wp","href":"https:\/\/api.w.org\/{rel}","templated":true}]}}