{"id":61,"date":"2015-09-27T19:38:00","date_gmt":"2015-09-27T17:38:00","guid":{"rendered":"http:\/\/sptja.com\/culture\/2015\/09\/27\/exposition-les-dessous-de-profondeville-les-champignons-oeuvres-dart\/"},"modified":"2015-09-27T19:38:00","modified_gmt":"2015-09-27T17:38:00","slug":"exposition-les-dessous-de-profondeville-les-champignons-oeuvres-dart","status":"publish","type":"post","link":"http:\/\/sptja.com\/culture\/2015\/09\/27\/exposition-les-dessous-de-profondeville-les-champignons-oeuvres-dart\/","title":{"rendered":"Exposition \u00ab\u00a0Les dessous de Profondeville\u00a0\u00bb &amp; \u00ab\u00a0Les champignons, \u0152uvres d&rsquo;Art\u00a0\u00bb"},"content":{"rendered":"<p style=\"text-align: center\"><img decoding=\"async\" id=\"media-11599158\" style=\"margin: 0.7em 0\" title=\"\" src=\"http:\/\/sptja.com\/media\/221423\/galerie20151003profondeville1.jpg\" alt=\"culture,\" \/><\/p>\n<div>\n<p class=\"MsoNormal\" style=\"margin-bottom: 0pt;line-height: normal\"><span style=\"font-size: medium\"><strong><span lang=\"FR-BE\">L&rsquo;Office du Tourisme de Profondeville Entit\u00e9 et la commune de Profondeville ont le plaisir de vous inviter aux diff\u00e9rentes manifestations qu&rsquo;ils organisent au mois d&rsquo;octobre 2015<\/span><\/strong><\/span><\/p>\n<p class=\"MsoNormal\" style=\"margin-bottom: 0pt;line-height: normal\"><span style=\"font-size: medium\"><strong><span lang=\"FR-BE\">&nbsp;<\/span><\/strong><\/span><\/p>\n<div style=\"margin: 0cm 0cm 0pt 18pt;line-height: normal\"><span style=\"font-size: medium\"><strong><span lang=\"FR-BE\">\u2022Vendredi 2 octobre 2015: inauguration de l&rsquo;exposition \u00a0\u00bb Les dessous de Profondeville\u00a0\u00bb et \u00ab\u00a0Les Champignons, \u0152uvres d&rsquo;Art\u00a0\u00bb.<\/span><\/strong><\/span><\/div>\n<div style=\"margin: 0cm 0cm 0pt 18pt;line-height: normal\"><span style=\"font-size: medium\"><strong><span lang=\"FR-BE\">Le patrimoine souterrain de l&rsquo;entit\u00e9 d\u00e9voil\u00e9 \u00e0 la galerie d&rsquo;Arbre.<\/span><\/strong><\/span><\/div>\n<div style=\"margin: 0cm 0cm 0pt 18pt;line-height: normal\"><span style=\"font-size: medium\"><strong><span lang=\"FR-BE\">Les photographies des grottes profondevilloises de Ga\u00ebtan Rochez, les champignons en c\u00e9ramique raku de Nadine De Beys et les champignons en amadou de LHAM.<\/span><\/strong><\/span><\/div>\n<div style=\"margin: 0cm 0cm 0pt 18pt;line-height: normal\"><span style=\"font-size: medium\"><strong><span lang=\"FR-BE\">Vernissage de 18 \u00e0 21 heures<\/span><\/strong><\/span><\/div>\n<div style=\"margin: 0cm 0cm 0pt 18pt;line-height: normal\"><span style=\"font-size: medium\"><strong>&nbsp;<\/strong><\/span><\/div>\n<div style=\"margin: 0cm 0cm 0pt 18pt;line-height: normal\"><span style=\"font-size: medium\"><strong><span lang=\"FR-BE\">\u2022Samedi 3 octobre 2015 \u00e0 14h:&nbsp;<em>\u00ab\u00a0Les journ\u00e9es de la sp\u00e9l\u00e9ologie\u00a0\u00bb<\/em>&nbsp;&#8211; visite de la grotte Alexandre de Lustin r\u00e9serv\u00e9e aux habitants de l\u2019entit\u00e9. Encadrement par le Groupe de Recherches et de Photographie en Sp\u00e9l\u00e9ologie (GRPS).<\/span><\/strong><\/span><\/div>\n<p class=\"MsoListParagraphCxSpFirst\" style=\"margin-left: 21.3pt;text-indent: -7.1pt\"><span style=\"font-size: medium\"><strong><span lang=\"FR-BE\">&nbsp;&nbsp;<\/span><span lang=\"FR-BE\">\u2022Samedi 10 octobre 2015&nbsp;: 13h30 &#8211; 18h00 &#8211;&nbsp;Vall\u00e9e du Burnot et ruisseau de Besinne &#8211; Association&nbsp;&nbsp;&nbsp;&nbsp;des richesses naturelles et vestiges d&rsquo;un pass\u00e9 industriel &#8211; Guide: A. Despagne &#8211; 0479\/662.440<\/span><\/strong><\/span><\/p>\n<div style=\"margin: 0cm 0cm 0pt 18pt;line-height: normal\"><span style=\"font-size: medium\"><strong><span lang=\"FR-BE\">\u2022Samedi 17 octobre 2015&nbsp;:&nbsp;<em>\u00a0\u00bb Semaine des sentiers\u00a0\u00bb de <a href=\"http:\/\/Sentier.be\">Sentier.be<\/a> et Festival Nature Namur<\/em>&nbsp;&#8211; Possibilit\u00e9 de faire ou refaire le sentier g\u00e9ologique et p\u00e9dologique de Profondeville en compagnie de Vincent Hallet, concepteur de ce sentier unanimement appr\u00e9ci\u00e9.<\/span><\/strong><\/span><\/div>\n<\/div>\n<p style=\"text-align: center\"><img decoding=\"async\" id=\"media-11599159\" style=\"margin: 0.7em 0\" title=\"\" src=\"http:\/\/sptja.com\/media\/221423\/galerie20151003profondeville2.jpg\" alt=\"galerie20151003profondeville2.jpg\" \/><\/p>\n<div style=\"text-align: center\"><span class=\"Apple-style-span\" style=\"font-size: 30px\"><strong><em><span class=\"Apple-style-span\" style=\"color: #5e1a63\">\u00ab\u00a0Les champignons \u0152uvres d&rsquo;Art\u00a0\u00bb<\/span><\/em><\/strong><\/span><\/div>\n<p style=\"text-align: center\"><img decoding=\"async\" id=\"media-11599160\" style=\"margin: 0.7em 0\" title=\"\" src=\"http:\/\/sptja.com\/media\/221423\/galerie20151003profondeville3.jpg\" alt=\"galerie20151003profondeville3.jpg\" \/><\/p>\n<p style=\"text-align: center\">&nbsp;<\/p>\n","protected":false},"excerpt":{"rendered":"<p>L&rsquo;Office du Tourisme de Profondeville Entit\u00e9 et la commune de Profondeville ont le plaisir de vous inviter aux diff\u00e9rentes manifestations qu&rsquo;ils organisent au mois d&rsquo;octobre 2015 &nbsp; \u2022Vendredi 2 octobre 2015: inauguration de l&rsquo;exposition \u00a0\u00bb Les dessous de Profondeville\u00a0\u00bb et \u00ab\u00a0Les Champignons, \u0152uvres d&rsquo;Art\u00a0\u00bb. Le patrimoine souterrain de l&rsquo;entit\u00e9 d\u00e9voil\u00e9 \u00e0 la galerie d&rsquo;Arbre. Les &hellip; <\/p>\n<p class=\"link-more\"><a href=\"http:\/\/sptja.com\/culture\/2015\/09\/27\/exposition-les-dessous-de-profondeville-les-champignons-oeuvres-dart\/\" class=\"more-link\">Continuer la lecture<span class=\"screen-reader-text\"> de &laquo;&nbsp;Exposition \u00ab\u00a0Les dessous de Profondeville\u00a0\u00bb &amp; \u00ab\u00a0Les champignons, \u0152uvres d&rsquo;Art\u00a0\u00bb&nbsp;&raquo;<\/span><\/a><\/p>\n","protected":false},"author":3,"featured_media":0,"comment_status":"closed","ping_status":"open","sticky":false,"template":"","format":"standard","meta":[],"categories":[23,51,49,47,22,50,11,29,39,10],"tags":[],"_links":{"self":[{"href":"http:\/\/sptja.com\/culture\/wp-json\/wp\/v2\/posts\/61"}],"collection":[{"href":"http:\/\/sptja.com\/culture\/wp-json\/wp\/v2\/posts"}],"about":[{"href":"http:\/\/sptja.com\/culture\/wp-json\/wp\/v2\/types\/post"}],"author":[{"embeddable":true,"href":"http:\/\/sptja.com\/culture\/wp-json\/wp\/v2\/users\/3"}],"replies":[{"embeddable":true,"href":"http:\/\/sptja.com\/culture\/wp-json\/wp\/v2\/comments?post=61"}],"version-history":[{"count":0,"href":"http:\/\/sptja.com\/culture\/wp-json\/wp\/v2\/posts\/61\/revisions"}],"wp:attachment":[{"href":"http:\/\/sptja.com\/culture\/wp-json\/wp\/v2\/media?parent=61"}],"wp:term":[{"taxonomy":"category","embeddable":true,"href":"http:\/\/sptja.com\/culture\/wp-json\/wp\/v2\/categories?post=61"},{"taxonomy":"post_tag","embeddable":true,"href":"http:\/\/sptja.com\/culture\/wp-json\/wp\/v2\/tags?post=61"}],"curies":[{"name":"wp","href":"https:\/\/api.w.org\/{rel}","templated":true}]}}