{"id":52,"date":"2015-05-29T21:28:45","date_gmt":"2015-05-29T19:28:45","guid":{"rendered":"http:\/\/sptja.com\/culture\/2015\/05\/29\/permeke-entre-pere-et-fils-exposition-de-juin-2015-a-arbre-belgique\/"},"modified":"2015-05-29T21:28:45","modified_gmt":"2015-05-29T19:28:45","slug":"permeke-entre-pere-et-fils-exposition-de-juin-2015-a-arbre-belgique","status":"publish","type":"post","link":"http:\/\/sptja.com\/culture\/2015\/05\/29\/permeke-entre-pere-et-fils-exposition-de-juin-2015-a-arbre-belgique\/","title":{"rendered":"\u00ab\u00a0Permeke entre P\u00e8re et Fils\u00a0\u00bb Exposition de juin 2015 \u00e0 Arbre (Belgique)"},"content":{"rendered":"<p style=\"text-align: center\"><img decoding=\"async\" id=\"media-11447616\" style=\"margin: 0.7em 0\" title=\"\" src=\"http:\/\/sptja.com\/media\/221423\/galerie20150606arbre1joopie.jpg\" alt=\"galerie20150606arbre1joopie.jpg\" \/><\/p>\n<div style=\"margin: 0px;font: medium Helvetica;text-align: center\"><strong><span style=\"font-size: 24px\"><em>Peter Permeke, peintre.<\/em><\/span><\/strong><\/div>\n<div style=\"min-height: 14px;margin: 0px;font: medium Helvetica;text-align: center\">&nbsp;<\/div>\n<div style=\"margin: 0px;font: medium Helvetica;text-align: center\"><strong><span style=\"font-size: medium\">N\u00e9 \u00e0 Mortsel en 1965. Fils de Joopie Permeke, petit-fils de John-Henri Permeke et arri\u00e8re petit-fils de Constant Permeke, Peter est impr\u00e9gn\u00e9 par l\u2019art depuis sa naissance.&nbsp;Difficile de se faire une place lorsqu\u2019on s\u2019inscrit dans une telle lign\u00e9e.<\/span><\/strong><\/div>\n<div style=\"margin: 0px;font: medium Helvetica;text-align: center\"><strong><span style=\"font-size: medium\">&nbsp;<\/span><\/strong><\/div>\n<div style=\"margin: 0px;font: medium Helvetica;text-align: center\"><strong><span style=\"font-size: medium\">La seule mani\u00e8re d\u2019\u00e9chapper \u00e0 cet engrenage semble bien de rompre totalement avec le style de ses a\u00efeux, de cr\u00e9er quelque chose qui se situe \u00e0 mille lieux du comparable.<\/span><\/strong><\/div>\n<div style=\"margin: 0px;font: medium Helvetica;text-align: center\"><strong><span style=\"font-size: medium\">Ses marines sont les r\u00e9ceptacles d\u2019\u00e9motions intenses qui vont de l\u2019extr\u00eame tendresse \u00e0 la violence orageuse.<\/span><\/strong><\/div>\n<div style=\"margin: 0px;font: medium Helvetica;text-align: center\"><strong><span style=\"font-size: medium\">&nbsp;<\/span><\/strong><\/div>\n<div style=\"margin: 0px;font: medium Helvetica;text-align: center\"><strong><span style=\"font-size: medium\">Mais ce sont sans doute ses visages qui pr\u00e9sentent la plus grande originalit\u00e9 et constituent la v\u00e9ritable expression du temp\u00e9rament de&nbsp;Peter Permeke. Ils sont apparus \u00e0 la suite d\u2019une p\u00e9riode d\u2019isolement, t\u00e9moins d\u2019une certaine conception du monde, d\u2019un certain regard sur l\u2019autre et \u00e9mergence d\u2019un style nouveau et original. M\u00eame s\u2019ils se rattachent \u00e0 la veine expressionniste, les t\u00eates de Permeke ont une puissance et une facture qui indiquent clairement leur appartenance \u00e0 l\u2019art actuel. Pour cette multitude de gros plans presque monochromes, aux traits \u00e9pais et au masque d\u2019abord agressif, il a puis\u00e9 dans les physionomies d\u2019ouvriers se rendant \u00e0 l\u2019usine. Fatigue, tristesse, enfermement, col\u00e8re parfois d\u00e9composent les visages. Sa \u00ab tribu \u00bb s\u2019est n\u00e9anmoins adoucie au fil du temp. Il n\u2019est pas rare d\u2019y voir appara\u00eetre un sourire, ou au moins une expression de s\u00e9r\u00e9nit\u00e9, d\u2019\u00e9tonnement ou d\u2019indiff\u00e9rence. Exploitant l\u2019impact du grand format,&nbsp;Peter Permeke&nbsp;s\u2019est engag\u00e9 dans la voie d\u2019une peinture psychologique et symbolique, de plus en plus color\u00e9e. Une peinture qui traduit peut-\u00eatre une vision plus optimiste de l\u2019humanit\u00e9, qui se pimente d\u2019une pointe d\u2019humour, mais n\u2019en conserve pas moins sa clairvoyance.<\/span><\/strong><\/div>\n<div style=\"min-height: 14px;margin: 0px;font: medium Helvetica;text-align: center\"><strong><span style=\"font-size: medium\">&nbsp;<\/span><\/strong><\/div>\n<div style=\"min-height: 14px;margin: 0px;font: medium Helvetica;text-align: center\"><strong><span style=\"font-size: medium\">&nbsp;<\/span><\/strong><\/div>\n<div style=\"margin: 0px;font: medium Helvetica;text-align: center\"><strong><span style=\"font-family: Helvetica-LightOblique\">Extrait d&rsquo;un texte de Didier Paternoster \u00ab\u00a0Artistes &amp; Galeries\u00a0\u00bb \u00c9ditions Art in Belgium &#8211; 5 \u00e8me \u00c9dition.<\/span><\/strong><\/div>\n<div style=\"margin: 0px;font: medium Helvetica\">\n<p style=\"text-align: center\"><img decoding=\"async\" id=\"media-11447617\" style=\"margin: 0.7em 0\" title=\"\" src=\"http:\/\/sptja.com\/media\/221423\/galerie20150606arbre1permeke.jpg\" alt=\"galerie20150606arbre1permeke.jpg\" \/><\/p>\n<p style=\"text-align: center\">&nbsp;<\/p>\n<div style=\"margin: 0px;font: medium Helvetica;text-align: center\"><strong><span style=\"font-size: 24px\"><em>James Permeke dit Joopie, sculpteur.<\/em><\/span><\/strong><\/div>\n<p style=\"text-align: center\">&nbsp;<\/p>\n<div style=\"min-height: 14px;margin: 0px;font: medium Helvetica;text-align: center\">&nbsp;<\/div>\n<div style=\"margin: 0px;font: medium Helvetica;text-align: center\"><strong><span style=\"font-size: medium\">N\u00e9 \u00e0 Bruges en 1938. Fils de de John-Henri Permeke et petit-fils de Constant Permeke, le ma\u00eetre de Jabbeke, il s&rsquo;est install\u00e9 en Espagne pour s&rsquo;y consacrer totalement \u00e0 son \u0153uvre.<\/span><\/strong><\/div>\n<div style=\"margin: 0px;font: medium Helvetica;text-align: center\"><strong><span style=\"font-size: medium\">&nbsp;<\/span><\/strong><\/div>\n<div style=\"margin: 0px;font: 12px Helvetica;text-align: center\"><strong><span style=\"font-size: medium\">Joopie Permeke<\/span><span style=\"font-size: medium;font-family: Helvetica\">&nbsp;accorde sa pr\u00e9f\u00e9rence \u00e0 la figure d\u00e9gag\u00e9e, au groupes, la m\u00e8re et l&rsquo;enfant, mais surtout la femme dans son \u00e9tat le plus pur.<\/span><\/strong><\/div>\n<div style=\"margin: 0px;font: medium Helvetica;text-align: center\"><strong><span style=\"font-size: medium\">Gr\u00e2ce \u00e0 la solidit\u00e9 et la force de la forme, la femme rayonne myst\u00e8re et conviction. De gestes r\u00e9solus elle s&rsquo;impose dans l&rsquo;univers, trace les limites en souveraine et ma\u00eetresse.&nbsp;<\/span>Dans ses douces rondeurs elle repr\u00e9sente s\u00e9duction et tentation, mais aussi d\u00e9vouement et compr\u00e9hension.<\/strong><\/div>\n<div style=\"margin: 0px;font: medium Helvetica;text-align: center\"><strong><span style=\"font-size: medium\">&nbsp;<\/span><\/strong><\/div>\n<div style=\"margin: 0px;font: medium Helvetica;text-align: center\"><strong><span style=\"font-size: medium\">Le c\u00e9r\u00e9bral c&rsquo;est la question. Pas de mimique, pas un regard, mais une pose.<\/span><\/strong><\/div>\n<div style=\"margin: 0px;font: medium Helvetica;text-align: center\"><strong><span style=\"font-size: medium\">L&rsquo;homme, la femme, omnipr\u00e9sents, des \u00eatres universels, contemplent leur propre image par le c\u0153ur et l&rsquo;\u00e2me.<\/span><\/strong><\/div>\n<div style=\"margin: 0px;font: medium Helvetica;text-align: center\"><strong><span style=\"font-size: medium\">De ce dialogue na\u00eet l&rsquo;\u0153uvre ; de l&rsquo;argile au bronze, mat\u00e9riaux nobles et durables, la beaut\u00e9 \u00e9ternelle.<\/span><\/strong><\/div>\n<div style=\"margin: 0px;font: medium Helvetica;text-align: center\"><strong><span style=\"font-size: medium\">&nbsp;<\/span><\/strong><\/div>\n<div style=\"margin: 0px;font: medium Helvetica;text-align: center\"><strong><span style=\"font-size: medium\"><span style=\"font-size: 12px;font-family: Helvetica-LightOblique\">Fernand Bonneure, mars 1991.<\/span><\/span><\/strong><\/div>\n<div style=\"margin: 0px;font: medium Helvetica\">\n<p style=\"text-align: center\"><img decoding=\"async\" id=\"media-11447621\" style=\"margin: 0.7em 0\" title=\"\" src=\"http:\/\/sptja.com\/media\/221423\/galerie20150606arbre1peter.jpg\" alt=\"galerie20150606arbre1peter.jpg\" \/><\/p>\n<\/div>\n<\/div>\n","protected":false},"excerpt":{"rendered":"<p>Peter Permeke, peintre. &nbsp; N\u00e9 \u00e0 Mortsel en 1965. Fils de Joopie Permeke, petit-fils de John-Henri Permeke et arri\u00e8re petit-fils de Constant Permeke, Peter est impr\u00e9gn\u00e9 par l\u2019art depuis sa naissance.&nbsp;Difficile de se faire une place lorsqu\u2019on s\u2019inscrit dans une telle lign\u00e9e. &nbsp; La seule mani\u00e8re d\u2019\u00e9chapper \u00e0 cet engrenage semble bien de rompre totalement &hellip; <\/p>\n<p class=\"link-more\"><a href=\"http:\/\/sptja.com\/culture\/2015\/05\/29\/permeke-entre-pere-et-fils-exposition-de-juin-2015-a-arbre-belgique\/\" class=\"more-link\">Continuer la lecture<span class=\"screen-reader-text\"> de &laquo;&nbsp;\u00ab\u00a0Permeke entre P\u00e8re et Fils\u00a0\u00bb Exposition de juin 2015 \u00e0 Arbre (Belgique)&nbsp;&raquo;<\/span><\/a><\/p>\n","protected":false},"author":3,"featured_media":0,"comment_status":"closed","ping_status":"open","sticky":false,"template":"","format":"standard","meta":[],"categories":[31,23,38,24,41,21,12,46,35,27,48,14,19,13,20,25,40,16,47,3,42,22,4,45,2,11,34,30,5,43,32,28,15,17,26,29,8,33,39,6,36,7,37,18,10],"tags":[],"_links":{"self":[{"href":"http:\/\/sptja.com\/culture\/wp-json\/wp\/v2\/posts\/52"}],"collection":[{"href":"http:\/\/sptja.com\/culture\/wp-json\/wp\/v2\/posts"}],"about":[{"href":"http:\/\/sptja.com\/culture\/wp-json\/wp\/v2\/types\/post"}],"author":[{"embeddable":true,"href":"http:\/\/sptja.com\/culture\/wp-json\/wp\/v2\/users\/3"}],"replies":[{"embeddable":true,"href":"http:\/\/sptja.com\/culture\/wp-json\/wp\/v2\/comments?post=52"}],"version-history":[{"count":0,"href":"http:\/\/sptja.com\/culture\/wp-json\/wp\/v2\/posts\/52\/revisions"}],"wp:attachment":[{"href":"http:\/\/sptja.com\/culture\/wp-json\/wp\/v2\/media?parent=52"}],"wp:term":[{"taxonomy":"category","embeddable":true,"href":"http:\/\/sptja.com\/culture\/wp-json\/wp\/v2\/categories?post=52"},{"taxonomy":"post_tag","embeddable":true,"href":"http:\/\/sptja.com\/culture\/wp-json\/wp\/v2\/tags?post=52"}],"curies":[{"name":"wp","href":"https:\/\/api.w.org\/{rel}","templated":true}]}}