{"id":45,"date":"2015-03-09T14:33:00","date_gmt":"2015-03-09T13:33:00","guid":{"rendered":"http:\/\/sptja.com\/culture\/2015\/03\/09\/teteche-folk-newsletter-n8-mars-2015\/"},"modified":"2015-03-09T14:33:00","modified_gmt":"2015-03-09T13:33:00","slug":"teteche-folk-newsletter-n8-mars-2015","status":"publish","type":"post","link":"http:\/\/sptja.com\/culture\/2015\/03\/09\/teteche-folk-newsletter-n8-mars-2015\/","title":{"rendered":"T\u00e9t\u00eache Folk  Newsletter n\u00b08  Mars 2015"},"content":{"rendered":"<p><!--[if gte mso 9]&gt;--><\/p>\n<p>Normal<br \/>\n0<\/p>\n<p>21<\/p>\n<p>false<br \/>\nfalse<br \/>\nfalse<\/p>\n<p>FR<br \/>\nX-NONE<br \/>\nX-NONE<\/p>\n<p>MicrosoftInternetExplorer4<\/p>\n<p><!--[if gte mso 9]&gt;--><\/p>\n<p><!--[if gte mso 10]&gt;--><\/p>\n<p>\/* Style Definitions *\/<br \/>\ntable.MsoNormalTable<br \/>\n{mso-style-name:\u00a0\u00bbTableau Normal\u00a0\u00bb;<br \/>\nmso-tstyle-rowband-size:0;<br \/>\nmso-tstyle-colband-size:0;<br \/>\nmso-style-noshow:yes;<br \/>\nmso-style-priority:99;<br \/>\nmso-style-qformat:yes;<br \/>\nmso-style-parent:\u00a0\u00bb\u00a0\u00bb;<br \/>\nmso-padding-alt:0cm 5.4pt 0cm 5.4pt;<br \/>\nmso-para-margin:0cm;<br \/>\nmso-para-margin-bottom:.0001pt;<br \/>\nmso-pagination:widow-orphan;<br \/>\nfont-size:11.0pt;<br \/>\nfont-family:\u00a0\u00bbCalibri\u00a0\u00bb,\u00a0\u00bbsans-serif\u00a0\u00bb;<br \/>\nmso-ascii-font-family:Calibri;<br \/>\nmso-ascii-theme-font:minor-latin;<br \/>\nmso-fareast-font-family:\u00a0\u00bbTimes New Roman\u00a0\u00bb;<br \/>\nmso-fareast-theme-font:minor-fareast;<br \/>\nmso-hansi-font-family:Calibri;<br \/>\nmso-hansi-theme-font:minor-latin;<br \/>\nmso-bidi-font-family:\u00a0\u00bbTimes New Roman\u00a0\u00bb;<br \/>\nmso-bidi-theme-font:minor-bidi;}<\/p>\n<p class=\"MsoNormal\"><strong><span style=\"font-size: 14pt;font-family: 'Arial','sans-serif'\">Prochaine rencontre : le vendredi 13 mars 2015&nbsp;: un anniversaire&nbsp;!&nbsp;<\/span><\/strong><\/p>\n<p class=\"MsoNormal\">&nbsp;<strong><span style=\"font-size: 11pt;font-family: 'Arial','sans-serif'\">Cela fait maintenant une ann\u00e9e que sont organis\u00e9s les ateliers de la T\u00e9t\u00eache. C\u2019est en effet en mars 2014 qu\u2019a eu lieu la premi\u00e8re, avec Michel Thiriart \u00e0 l\u2019animation et Jean-Pierre Wilmotte \u00e0 la musique (accord\u00e9on diatonique).<\/span><\/strong><\/p>\n<p class=\"MsoNormal\"><strong>&nbsp;<span style=\"font-size: 11pt;font-family: 'Arial','sans-serif'\">Depuis, la formule a peu chang\u00e9, mais un v\u00e9ritable groupe de musiciens se charge aujourd\u2019hui d\u2019accompagner les danseurs. Un atelier musique d\u2019une heure a d\u2019ailleurs lieu en pr\u00e9lude \u00e0 l\u2019animation du soir.<\/span><\/strong><\/p>\n<p class=\"MsoNormal\"><strong>&nbsp;<span style=\"font-size: 11pt;font-family: 'Arial','sans-serif'\">Formule entre le bal et l\u2019atelier, T\u00e9t\u00eache Folk se veut un lieu de convivialit\u00e9 o\u00f9 l\u2019on apprend les danses de bal sans pression, o\u00f9 chacun est accept\u00e9 avec son niveau et o\u00f9 on peut aussi s\u2019assoir si on le d\u00e9sire, pour discuter calmement en d\u00e9gustant une bonne bi\u00e8re belge.<\/span><\/strong><\/p>\n<p class=\"MsoNormal\"><strong>&nbsp;<span style=\"font-size: 11pt;font-family: 'Arial','sans-serif'\">Au programme de ce vendredi 13 mars&nbsp;:<\/span><\/strong><\/p>\n<p class=\"MsoNormal\"><strong>&nbsp;<span style=\"font-size: 11pt;font-family: 'Arial','sans-serif'\">19 heures 30<\/span><span style=\"font-size: 11pt;font-family: 'Arial','sans-serif'\">&nbsp;: atelier musique&nbsp;: Valse \u00e0 D\u00e9d\u00e9, Valse do V\u00ee Sosson, la Crouzada, Li Tch\u00e8ron.<\/span><\/strong><\/p>\n<p class=\"MsoNormal\"><strong>&nbsp;<span style=\"font-size: 11pt;font-family: 'Arial','sans-serif'\">20 heures 30<\/span><span style=\"font-size: 11pt;font-family: 'Arial','sans-serif'\">&nbsp;: bal folk avec explications des danses&nbsp;: Michel vous rappellera quelques pas essentiels et concentrera ses explications sur une bourr\u00e9e auvergnate&nbsp;: La Crouzada<\/span><\/strong><\/p>\n<p class=\"MsoNormal\"><strong>&nbsp;<span style=\"font-size: 11pt;font-family: 'Arial','sans-serif'\">Les animations de la T\u00e9t\u00eache restent enti\u00e8rement gratuites&nbsp;; les musiciens, animateurs et organisateurs sont tous b\u00e9n\u00e9voles.<\/span><\/strong><\/p>\n<p class=\"MsoNormal\"><strong>&nbsp;<span style=\"font-size: 11pt;font-family: 'Arial','sans-serif'\">Tous les musiciens (acoustiques) sont les bienvenus \u00e0 l\u2019atelier musical de 19 heures 30&nbsp;: partitions et fichiers MIDI disponibles sur simple demande (par mail).<\/span><\/strong><\/p>\n<p class=\"MsoNormal\"><strong>&nbsp;<span style=\"font-size: 11pt;font-family: 'Arial','sans-serif'\">Renseignements<\/span><span style=\"font-size: 11pt;font-family: 'Arial','sans-serif'\">&nbsp;: <\/span><\/strong><\/p>\n<p class=\"MsoNormal\"><strong>&nbsp;<span style=\"font-size: 11pt;font-family: 'Arial','sans-serif'\">Jean-Pierre Wilmotte&nbsp;: <\/span><\/strong><\/p>\n<p class=\"MsoNormal\"><strong>&nbsp;<span style=\"font-size: 11pt;font-family: 'Arial','sans-serif'\">0494\/76.09.28<\/span><\/strong><\/p>\n<p class=\"MsoNormal\"><strong>&nbsp;<span style=\"font-size: 11pt;font-family: 'Arial','sans-serif'\"><a href=\"mailto:tetechefolk@gmail.com\">tetechefolk@gmail.com<\/a> &nbsp; <\/span><\/strong><\/p>\n<p class=\"MsoNormal\"><strong>&nbsp;<span style=\"font-size: 11pt;font-family: 'Arial','sans-serif'\">Facebook&nbsp;: Teteche Folk<\/span><\/strong><\/p>\n<p>&nbsp;<\/p>\n","protected":false},"excerpt":{"rendered":"<p>Normal 0 21 false false false FR X-NONE X-NONE MicrosoftInternetExplorer4 \/* Style Definitions *\/ table.MsoNormalTable {mso-style-name:\u00a0\u00bbTableau Normal\u00a0\u00bb; mso-tstyle-rowband-size:0; mso-tstyle-colband-size:0; mso-style-noshow:yes; mso-style-priority:99; mso-style-qformat:yes; mso-style-parent:\u00a0\u00bb\u00a0\u00bb; mso-padding-alt:0cm 5.4pt 0cm 5.4pt; mso-para-margin:0cm; mso-para-margin-bottom:.0001pt; mso-pagination:widow-orphan; font-size:11.0pt; font-family:\u00a0\u00bbCalibri\u00a0\u00bb,\u00a0\u00bbsans-serif\u00a0\u00bb; mso-ascii-font-family:Calibri; mso-ascii-theme-font:minor-latin; mso-fareast-font-family:\u00a0\u00bbTimes New Roman\u00a0\u00bb; mso-fareast-theme-font:minor-fareast; mso-hansi-font-family:Calibri; mso-hansi-theme-font:minor-latin; mso-bidi-font-family:\u00a0\u00bbTimes New Roman\u00a0\u00bb; mso-bidi-theme-font:minor-bidi;} Prochaine rencontre : le vendredi 13 mars 2015&nbsp;: un anniversaire&nbsp;!&nbsp; &nbsp;Cela &hellip; <\/p>\n<p class=\"link-more\"><a href=\"http:\/\/sptja.com\/culture\/2015\/03\/09\/teteche-folk-newsletter-n8-mars-2015\/\" class=\"more-link\">Continuer la lecture<span class=\"screen-reader-text\"> de &laquo;&nbsp;T\u00e9t\u00eache Folk  Newsletter n\u00b08  Mars 2015&nbsp;&raquo;<\/span><\/a><\/p>\n","protected":false},"author":3,"featured_media":0,"comment_status":"closed","ping_status":"open","sticky":false,"template":"","format":"standard","meta":[],"categories":[41,5,44,10],"tags":[],"_links":{"self":[{"href":"http:\/\/sptja.com\/culture\/wp-json\/wp\/v2\/posts\/45"}],"collection":[{"href":"http:\/\/sptja.com\/culture\/wp-json\/wp\/v2\/posts"}],"about":[{"href":"http:\/\/sptja.com\/culture\/wp-json\/wp\/v2\/types\/post"}],"author":[{"embeddable":true,"href":"http:\/\/sptja.com\/culture\/wp-json\/wp\/v2\/users\/3"}],"replies":[{"embeddable":true,"href":"http:\/\/sptja.com\/culture\/wp-json\/wp\/v2\/comments?post=45"}],"version-history":[{"count":0,"href":"http:\/\/sptja.com\/culture\/wp-json\/wp\/v2\/posts\/45\/revisions"}],"wp:attachment":[{"href":"http:\/\/sptja.com\/culture\/wp-json\/wp\/v2\/media?parent=45"}],"wp:term":[{"taxonomy":"category","embeddable":true,"href":"http:\/\/sptja.com\/culture\/wp-json\/wp\/v2\/categories?post=45"},{"taxonomy":"post_tag","embeddable":true,"href":"http:\/\/sptja.com\/culture\/wp-json\/wp\/v2\/tags?post=45"}],"curies":[{"name":"wp","href":"https:\/\/api.w.org\/{rel}","templated":true}]}}