{"id":32,"date":"2014-09-18T17:40:23","date_gmt":"2014-09-18T15:40:23","guid":{"rendered":"http:\/\/sptja.com\/culture\/2014\/09\/18\/profondeville-enorme-succes-de-la-fete-autour-de-leau-2014-merci-a-toutes-et-tous\/"},"modified":"2014-09-18T17:40:23","modified_gmt":"2014-09-18T15:40:23","slug":"profondeville-enorme-succes-de-la-fete-autour-de-leau-2014-merci-a-toutes-et-tous","status":"publish","type":"post","link":"http:\/\/sptja.com\/culture\/2014\/09\/18\/profondeville-enorme-succes-de-la-fete-autour-de-leau-2014-merci-a-toutes-et-tous\/","title":{"rendered":"Profondeville, \u00e9norme succ\u00e8s de la F\u00eate Autour de l\u2019Eau 2014. Merci \u00e0 toutes et tous."},"content":{"rendered":"<p><!--[if gte mso 9]&gt;--><\/p>\n<p>Normal<br \/>\n0<br \/>\n21<\/p>\n<p>false<br \/>\nfalse<br \/>\nfalse<\/p>\n<p>MicrosoftInternetExplorer4<\/p>\n<p><!--[if gte mso 9]&gt;--><\/p>\n<p><!--[if gte mso 10]&gt;--><\/p>\n<p>\/* Style Definitions *\/<br \/>\ntable.MsoNormalTable<br \/>\n{mso-style-name:\u00a0\u00bbTableau Normal\u00a0\u00bb;<br \/>\nmso-tstyle-rowband-size:0;<br \/>\nmso-tstyle-colband-size:0;<br \/>\nmso-style-noshow:yes;<br \/>\nmso-style-parent:\u00a0\u00bb\u00a0\u00bb;<br \/>\nmso-padding-alt:0cm 5.4pt 0cm 5.4pt;<br \/>\nmso-para-margin:0cm;<br \/>\nmso-para-margin-bottom:.0001pt;<br \/>\nmso-pagination:widow-orphan;<br \/>\nfont-size:10.0pt;<br \/>\nfont-family:\u00a0\u00bbTimes New Roman\u00a0\u00bb;<br \/>\nmso-ansi-language:#0400;<br \/>\nmso-fareast-language:#0400;<br \/>\nmso-bidi-language:#0400;}<\/p>\n<div style=\"border: solid windowtext 1.0pt;padding: 1.0pt 4.0pt 1.0pt 4.0pt;background: white\">\n<p style=\"text-align: center;background: white;border: none;padding: 0cm\" align=\"center\"><strong><span style=\"font-size: 14.0pt;font-family: 'Lucida Sans Unicode';color: #373737;font-weight: normal\" lang=\"FR-BE\">Profondeville, \u00e9norme succ\u00e8s de la F\u00eate Autour de l\u2019Eau 2014.<\/span><\/strong><\/p>\n<p style=\"text-align: center;background: white;border: none;padding: 0cm\" align=\"center\"><strong><span style=\"font-size: 14.0pt;font-family: 'Lucida Sans Unicode';color: #373737;font-weight: normal\" lang=\"FR-BE\">Merci \u00e0 toutes et tous.<\/span><\/strong><\/p>\n<p style=\"background: white;border: none;padding: 0cm\"><strong><span style=\"font-size: 10.0pt;font-family: Helvetica;color: #373737\" lang=\"FR-BE\">Profondeville Tiers Monde ASBL<\/span><\/strong><span style=\"font-size: 10.0pt;font-family: Helvetica;color: #373737\" lang=\"FR-BE\"> est une organisation de Solidarit\u00e9 internationale cr\u00e9\u00e9e en 1968. Depuis plus de 45 ans, \u00ab<strong><span style=\"font-family: Helvetica\">Profondeville Tiers Monde<\/span><\/strong>\u00bb, en partenariat avec d\u2019autres organisations, accompagne des hommes et des femmes de pays en d\u00e9veloppement dans l\u2019am\u00e9lioration de leurs conditions de vie.<\/span><\/p>\n<p style=\"background: white;border: none;padding: 0cm\"><span style=\"font-size: 10.0pt;font-family: Helvetica;color: #373737\" lang=\"FR-BE\">Pour <strong><span style=\"font-family: Helvetica\">Profondeville Tiers Monde<\/span><\/strong>, aider les gens du Sud, c\u2019est d\u2019abord leur dire que chacun est responsable de sa vie. On ne se r\u00e9signe pas. On prend son sort en main et on se mobilise.<\/span><\/p>\n<p style=\"background: white;border: none;padding: 0cm\"><span style=\"font-size: 10.0pt;font-family: Helvetica;color: #373737\" lang=\"FR-BE\">L\u2019aide r\u00e9side alors dans l\u2019accompagnement, le coup de pouce que l\u2019on peut recevoir de l\u2019ext\u00e9rieur pour r\u00e9aliser son propre projet de d\u00e9veloppement (appui financier, conseils, formations diverses, \u00e9ducation, par exemple).<\/span><\/p>\n<p style=\"background: white;border: none;padding: 0cm\"><span style=\"font-size: 10.0pt;font-family: Helvetica;color: #373737\" lang=\"FR-BE\">La F\u00eate d\u2019ao\u00fbt 2014 se cl\u00f4ture par un grand succ\u00e8s&nbsp;: beaucoup de familles pr\u00e9sentes, de grands concerts gratuits, un magnifique rallye d\u2019anc\u00eatres, un gigantesque VTT de 1500 participants, un quizz familial, des jeux en bois, de la restauration non-stop et plein d\u2019autres activit\u00e9s. Toutes ces animations nous ont permis de r\u00e9colter un tr\u00e8s beau b\u00e9n\u00e9fice. Tous les fonds r\u00e9colt\u00e9s sont allou\u00e9s <span style=\"text-decoration: underline\">int\u00e9gralement<\/span> \u00e0 la r\u00e9alisation de nos objectifs. Gr\u00e2ce \u00e0 l\u2019association avec certaines ONG, les montants sont doubl\u00e9s voire tripl\u00e9s par effet de levier.<\/span><\/p>\n<p style=\"background: white;border: none;padding: 0cm\"><span style=\"font-size: 10.0pt;font-family: Helvetica;color: #373737\" lang=\"FR-BE\">Nous sommes donc fiers et heureux de pouvoir remercier tous les Profondevillois et habitants d\u2019ailleurs pour leur grand soutien, indispensable \u00e0 une telle organisation. Nous vous disons <strong>MERCI.<\/strong><\/span><\/p>\n<p style=\"background: white;border: none;padding: 0cm\"><span style=\"font-size: 10.0pt;font-family: Helvetica;color: #373737\" lang=\"FR-BE\">L\u2019association compte aujourd\u2019hui quelque 20 membres permanents, tous b\u00e9n\u00e9voles, qui se r\u00e9unissent une fois par mois. Elle dispose de plus de 120 b\u00e9n\u00e9voles pour ses activit\u00e9s, nous les remercions aussi chaleureusement. Si vous d\u00e9sirez mieux conna\u00eetre nos activit\u00e9s, voir des photos, suivez-nous sur notre page facebook.com\/profondevilletiersmonde qui est r\u00e9guli\u00e8rement mise \u00e0 jour. <\/span><\/p>\n<p style=\"background: white;border: none;padding: 0cm\"><span style=\"font-size: 10.0pt;font-family: Helvetica;color: #373737\" lang=\"FR-BE\">Le Comit\u00e9<span>&nbsp;&nbsp;&nbsp;&nbsp;&nbsp;&nbsp;&nbsp;&nbsp;&nbsp;&nbsp;&nbsp;&nbsp;&nbsp;&nbsp;&nbsp;&nbsp;&nbsp;&nbsp;&nbsp;&nbsp;&nbsp;&nbsp;&nbsp;&nbsp;&nbsp;&nbsp;&nbsp;&nbsp;&nbsp;&nbsp;&nbsp;&nbsp;&nbsp;&nbsp;&nbsp;&nbsp;&nbsp; <\/span><span>&nbsp;&nbsp;&nbsp;&nbsp;&nbsp;&nbsp;&nbsp;&nbsp;&nbsp;&nbsp;&nbsp;&nbsp;&nbsp;&nbsp;&nbsp;&nbsp;&nbsp;&nbsp;&nbsp;&nbsp;<\/span>Mail&nbsp;: <a name=\"_GoBack\"><\/a><span>&nbsp;<\/span>profondevilletiersmonde@outlook.com<\/span><\/p>\n<\/div>\n","protected":false},"excerpt":{"rendered":"<p>Normal 0 21 false false false MicrosoftInternetExplorer4 \/* Style Definitions *\/ table.MsoNormalTable {mso-style-name:\u00a0\u00bbTableau Normal\u00a0\u00bb; mso-tstyle-rowband-size:0; mso-tstyle-colband-size:0; mso-style-noshow:yes; mso-style-parent:\u00a0\u00bb\u00a0\u00bb; mso-padding-alt:0cm 5.4pt 0cm 5.4pt; mso-para-margin:0cm; mso-para-margin-bottom:.0001pt; mso-pagination:widow-orphan; font-size:10.0pt; font-family:\u00a0\u00bbTimes New Roman\u00a0\u00bb; mso-ansi-language:#0400; mso-fareast-language:#0400; mso-bidi-language:#0400;} Profondeville, \u00e9norme succ\u00e8s de la F\u00eate Autour de l\u2019Eau 2014. Merci \u00e0 toutes et tous. Profondeville Tiers Monde ASBL est une organisation de &hellip; <\/p>\n<p class=\"link-more\"><a href=\"http:\/\/sptja.com\/culture\/2014\/09\/18\/profondeville-enorme-succes-de-la-fete-autour-de-leau-2014-merci-a-toutes-et-tous\/\" class=\"more-link\">Continuer la lecture<span class=\"screen-reader-text\"> de &laquo;&nbsp;Profondeville, \u00e9norme succ\u00e8s de la F\u00eate Autour de l\u2019Eau 2014. Merci \u00e0 toutes et tous.&nbsp;&raquo;<\/span><\/a><\/p>\n","protected":false},"author":3,"featured_media":0,"comment_status":"closed","ping_status":"open","sticky":false,"template":"","format":"standard","meta":[],"categories":[31,23,24,21,12,35,27,14,19,13,20,25,16,3,22,4,2,11,34,30,5,32,28,15,17,26,29,8,33,6,36,7,18,9,10],"tags":[],"_links":{"self":[{"href":"http:\/\/sptja.com\/culture\/wp-json\/wp\/v2\/posts\/32"}],"collection":[{"href":"http:\/\/sptja.com\/culture\/wp-json\/wp\/v2\/posts"}],"about":[{"href":"http:\/\/sptja.com\/culture\/wp-json\/wp\/v2\/types\/post"}],"author":[{"embeddable":true,"href":"http:\/\/sptja.com\/culture\/wp-json\/wp\/v2\/users\/3"}],"replies":[{"embeddable":true,"href":"http:\/\/sptja.com\/culture\/wp-json\/wp\/v2\/comments?post=32"}],"version-history":[{"count":0,"href":"http:\/\/sptja.com\/culture\/wp-json\/wp\/v2\/posts\/32\/revisions"}],"wp:attachment":[{"href":"http:\/\/sptja.com\/culture\/wp-json\/wp\/v2\/media?parent=32"}],"wp:term":[{"taxonomy":"category","embeddable":true,"href":"http:\/\/sptja.com\/culture\/wp-json\/wp\/v2\/categories?post=32"},{"taxonomy":"post_tag","embeddable":true,"href":"http:\/\/sptja.com\/culture\/wp-json\/wp\/v2\/tags?post=32"}],"curies":[{"name":"wp","href":"https:\/\/api.w.org\/{rel}","templated":true}]}}