{"id":294,"date":"2022-08-09T10:38:26","date_gmt":"2022-08-09T08:38:26","guid":{"rendered":"http:\/\/sptja.com\/culture\/?p=294"},"modified":"2026-03-10T22:42:18","modified_gmt":"2026-03-10T21:42:18","slug":"fete-de-la-tomate-des-legumes-oublies-03-04-09-2022","status":"publish","type":"post","link":"http:\/\/sptja.com\/culture\/2022\/08\/09\/fete-de-la-tomate-des-legumes-oublies-03-04-09-2022\/","title":{"rendered":"F\u00eate de la Tomate &amp; des L\u00e9gumes Oubli\u00e9s 03\/04\/09\/2022"},"content":{"rendered":"<div dir=\"auto\" align=\"center\"><span style=\"font-size: large\"><i><span style=\"color: #0000ff\">A<b>rtisans Artisans <\/b><\/span><\/i><\/span><\/div>\n<div dir=\"auto\" align=\"center\"><b><span style=\"font-size: large\"><i><span style=\"color: #0000ff\">Vous faite vos confiture vous m\u00eame, v\u00f4tre pain \u00e0 l&rsquo;ancienne, vos conserves de l\u00e9gumes, confiserie artisanat<\/span><\/i><\/span><\/b><\/div>\n<div dir=\"auto\" align=\"center\"><b><span style=\"font-size: large\"><i><span style=\"color: #0000ff\">Si vous \u00eates libre le 3 et 4 Septembre 2022<\/span><\/i><\/span><\/b><\/div>\n<div dir=\"auto\" align=\"center\"><b><span style=\"font-size: large\"><i><span style=\"color: #0000ff\">Venez partager v\u00f4tre savoir faire en n\u00f4tre compagnie<\/span><\/i><\/span><\/b><\/div>\n<div dir=\"auto\" align=\"center\"><b><span style=\"font-size: large\"><i><span style=\"color: #0000ff\">R\u00e9servez d\u00e8s aujourd&rsquo;hui v\u00f4tre emplacement<\/span><\/i><\/span><\/b><\/div>\n<div dir=\"auto\" align=\"center\"><b><span style=\"font-size: large\"><i><span style=\"color: #0000ff\">Qu&rsquo;on se le disent<\/span><\/i><\/span><\/b><\/div>\n<div dir=\"auto\" align=\"center\"><b><span style=\"font-size: large\"><i><span style=\"color: #0000ff\">T\u00e9l : 0474442059 ou <a class=\"moz-txt-link-abbreviated\" href=\"mailto:jp@essaime-artomate.be\">jp@essaime-artomate.be<\/a><\/span><\/i><\/span><\/b><\/div>\n<div dir=\"auto\" align=\"center\">&#8212;&#8212;&#8212;-<\/div>\n<div dir=\"auto\" align=\"center\">\n<div class=\"kvgmc6g5 cxmmr5t8 oygrvhab hcukyx3x c1et5uql ii04i59q\" align=\"center\">\n<div dir=\"auto\"><span style=\"color: #0000ff;font-size: x-large\"><i><b><span style=\"color: #800000\">Le Dimanche 4 Septembre 2022<\/span><\/b><\/i><\/span><\/div>\n<\/div>\n<div class=\"cxmmr5t8 oygrvhab hcukyx3x c1et5uql o9v6fnle ii04i59q\" align=\"center\">\n<div dir=\"auto\"><span style=\"color: #0000ff\"><i><b> L&rsquo;Asbl S.P.T.J.A. Sports vous invite \u00e0 son repas annuel d\u00e8s 12H<\/b><\/i><\/span><\/div>\n<\/div>\n<div class=\"cxmmr5t8 oygrvhab hcukyx3x c1et5uql o9v6fnle ii04i59q\" align=\"center\">\n<div dir=\"auto\"><span style=\"color: #0000ff\"><i><b> Au Menu<\/b><\/i><\/span><\/div>\n<\/div>\n<div class=\"cxmmr5t8 oygrvhab hcukyx3x c1et5uql o9v6fnle ii04i59q\" align=\"center\">\n<div dir=\"auto\"><span style=\"color: #0000ff\"><i><b> Ap\u00e9ro offert par la Maison<\/b><\/i><\/span><\/div>\n<\/div>\n<div class=\"cxmmr5t8 oygrvhab hcukyx3x c1et5uql o9v6fnle ii04i59q\" align=\"center\">\n<div dir=\"auto\"><span style=\"color: #0000ff\"><i><b> Cochon \u00e0 la Broche et sa sauce au miel<\/b><\/i><\/span><\/div>\n<\/div>\n<div class=\"cxmmr5t8 oygrvhab hcukyx3x c1et5uql o9v6fnle ii04i59q\" align=\"center\">\n<div dir=\"auto\"><span style=\"color: #0000ff\"><i><b> Assortiment de crudit\u00e9<\/b><\/i><\/span><\/div>\n<\/div>\n<div class=\"cxmmr5t8 oygrvhab hcukyx3x c1et5uql o9v6fnle ii04i59q\" align=\"center\">\n<div dir=\"auto\"><span style=\"color: #0000ff\"><i><b> Pomme de terre en chemise et P\u00e2te froide<\/b><\/i><\/span><\/div>\n<\/div>\n<div class=\"cxmmr5t8 oygrvhab hcukyx3x c1et5uql o9v6fnle ii04i59q\" align=\"center\">\n<div dir=\"auto\"><span style=\"color: #0000ff\"><i><b> Le petit Noir<\/b><\/i><\/span><\/div>\n<\/div>\n<div class=\"cxmmr5t8 oygrvhab hcukyx3x c1et5uql o9v6fnle ii04i59q\" align=\"center\">\n<div dir=\"auto\"><span style=\"color: #0000ff\"><i><b> Pour un prix d\u00e9mocratique de 20 euros<\/b><\/i><\/span><\/div>\n<\/div>\n<div class=\"cxmmr5t8 oygrvhab hcukyx3x c1et5uql o9v6fnle ii04i59q\" align=\"center\">\n<div dir=\"auto\"><span style=\"color: #0000ff\"><i><b> <span style=\"color: #ff0000\">(R\u00e9servez au plus tard pour le 1er Septembre)<\/span><\/b><\/i><\/span><\/div>\n<\/div>\n<div class=\"cxmmr5t8 oygrvhab hcukyx3x c1et5uql o9v6fnle ii04i59q\" align=\"center\">\n<div dir=\"auto\"><span style=\"color: #0000ff\"><i><b> au 0475\/20.58.04 ou sptja@sptja.com<\/b><\/i><\/span><\/div>\n<\/div>\n<div class=\"cxmmr5t8 oygrvhab hcukyx3x c1et5uql o9v6fnle ii04i59q\" align=\"center\">\n<div dir=\"auto\"><span style=\"color: #0000ff\"><i><b> <span style=\"color: #ff0000\">Paiement \u00e0 la r\u00e9servation<\/span><\/b><\/i><\/span><\/div>\n<\/div>\n<\/div>\n<h5 style=\"text-align: center\"><img decoding=\"async\" loading=\"lazy\" class=\"alignnone  wp-image-295\" src=\"http:\/\/sptja.com\/culture\/wp-content\/uploads\/sites\/19\/2022\/08\/fete2022090304tomate1legumes1oublie1sptja1sports1lesves2-212x300.jpg\" alt=\"\" width=\"412\" height=\"583\" srcset=\"http:\/\/sptja.com\/culture\/wp-content\/uploads\/sites\/19\/2022\/08\/fete2022090304tomate1legumes1oublie1sptja1sports1lesves2-212x300.jpg 212w, http:\/\/sptja.com\/culture\/wp-content\/uploads\/sites\/19\/2022\/08\/fete2022090304tomate1legumes1oublie1sptja1sports1lesves2.jpg 420w\" sizes=\"(max-width: 412px) 100vw, 412px\" \/><\/h5>\n<h5 style=\"text-align: center\"><img decoding=\"async\" loading=\"lazy\" class=\"alignnone  wp-image-296\" src=\"http:\/\/sptja.com\/culture\/wp-content\/uploads\/sites\/19\/2022\/08\/fete2022090304tomate1legumes1oublie1sptja1sports1lesves3-300x155.jpg\" alt=\"\" width=\"557\" height=\"288\" srcset=\"http:\/\/sptja.com\/culture\/wp-content\/uploads\/sites\/19\/2022\/08\/fete2022090304tomate1legumes1oublie1sptja1sports1lesves3-300x155.jpg 300w, http:\/\/sptja.com\/culture\/wp-content\/uploads\/sites\/19\/2022\/08\/fete2022090304tomate1legumes1oublie1sptja1sports1lesves3-768x397.jpg 768w, http:\/\/sptja.com\/culture\/wp-content\/uploads\/sites\/19\/2022\/08\/fete2022090304tomate1legumes1oublie1sptja1sports1lesves3-1024x529.jpg 1024w, http:\/\/sptja.com\/culture\/wp-content\/uploads\/sites\/19\/2022\/08\/fete2022090304tomate1legumes1oublie1sptja1sports1lesves3.jpg 1060w\" sizes=\"(max-width: 557px) 100vw, 557px\" \/><\/h5>\n","protected":false},"excerpt":{"rendered":"<p>Artisans Artisans Vous faite vos confiture vous m\u00eame, v\u00f4tre pain \u00e0 l&rsquo;ancienne, vos conserves de l\u00e9gumes, confiserie artisanat Si vous \u00eates libre le 3 et 4 Septembre 2022 Venez partager v\u00f4tre savoir faire en n\u00f4tre compagnie R\u00e9servez d\u00e8s aujourd&rsquo;hui v\u00f4tre emplacement Qu&rsquo;on se le disent T\u00e9l : 0474442059 ou jp@essaime-artomate.be &#8212;&#8212;&#8212;- Le Dimanche 4 Septembre &hellip; <\/p>\n<p class=\"link-more\"><a href=\"http:\/\/sptja.com\/culture\/2022\/08\/09\/fete-de-la-tomate-des-legumes-oublies-03-04-09-2022\/\" class=\"more-link\">Continuer la lecture<span class=\"screen-reader-text\"> de &laquo;&nbsp;F\u00eate de la Tomate &amp; des L\u00e9gumes Oubli\u00e9s 03\/04\/09\/2022&nbsp;&raquo;<\/span><\/a><\/p>\n","protected":false},"author":3,"featured_media":0,"comment_status":"closed","ping_status":"open","sticky":false,"template":"","format":"standard","meta":[],"categories":[1],"tags":[],"_links":{"self":[{"href":"http:\/\/sptja.com\/culture\/wp-json\/wp\/v2\/posts\/294"}],"collection":[{"href":"http:\/\/sptja.com\/culture\/wp-json\/wp\/v2\/posts"}],"about":[{"href":"http:\/\/sptja.com\/culture\/wp-json\/wp\/v2\/types\/post"}],"author":[{"embeddable":true,"href":"http:\/\/sptja.com\/culture\/wp-json\/wp\/v2\/users\/3"}],"replies":[{"embeddable":true,"href":"http:\/\/sptja.com\/culture\/wp-json\/wp\/v2\/comments?post=294"}],"version-history":[{"count":2,"href":"http:\/\/sptja.com\/culture\/wp-json\/wp\/v2\/posts\/294\/revisions"}],"predecessor-version":[{"id":309,"href":"http:\/\/sptja.com\/culture\/wp-json\/wp\/v2\/posts\/294\/revisions\/309"}],"wp:attachment":[{"href":"http:\/\/sptja.com\/culture\/wp-json\/wp\/v2\/media?parent=294"}],"wp:term":[{"taxonomy":"category","embeddable":true,"href":"http:\/\/sptja.com\/culture\/wp-json\/wp\/v2\/categories?post=294"},{"taxonomy":"post_tag","embeddable":true,"href":"http:\/\/sptja.com\/culture\/wp-json\/wp\/v2\/tags?post=294"}],"curies":[{"name":"wp","href":"https:\/\/api.w.org\/{rel}","templated":true}]}}