{"id":28,"date":"2014-08-28T22:55:59","date_gmt":"2014-08-28T20:55:59","guid":{"rendered":"http:\/\/sptja.com\/culture\/2014\/08\/28\/teteche-folk-newsletter-n-2-aout-2014\/"},"modified":"2014-08-28T22:55:59","modified_gmt":"2014-08-28T20:55:59","slug":"teteche-folk-newsletter-n-2-aout-2014","status":"publish","type":"post","link":"http:\/\/sptja.com\/culture\/2014\/08\/28\/teteche-folk-newsletter-n-2-aout-2014\/","title":{"rendered":"T\u00e9t\u00eache Folk  Newsletter n\u00b0 2   Ao\u00fbt 2014"},"content":{"rendered":"<p><!--[if gte mso 9]&gt;--><\/p>\n<p>Normal<br \/>\n0<br \/>\n21<\/p>\n<p>false<br \/>\nfalse<br \/>\nfalse<\/p>\n<p>MicrosoftInternetExplorer4<\/p>\n<p><!--[if gte mso 9]&gt;--><\/p>\n<p><!--[if gte mso 10]&gt;--><\/p>\n<p>\/* Style Definitions *\/<br \/>\ntable.MsoNormalTable<br \/>\n{mso-style-name:\u00a0\u00bbTableau Normal\u00a0\u00bb;<br \/>\nmso-tstyle-rowband-size:0;<br \/>\nmso-tstyle-colband-size:0;<br \/>\nmso-style-noshow:yes;<br \/>\nmso-style-parent:\u00a0\u00bb\u00a0\u00bb;<br \/>\nmso-padding-alt:0cm 5.4pt 0cm 5.4pt;<br \/>\nmso-para-margin:0cm;<br \/>\nmso-para-margin-bottom:.0001pt;<br \/>\nmso-pagination:widow-orphan;<br \/>\nfont-size:10.0pt;<br \/>\nfont-family:\u00a0\u00bbTimes New Roman\u00a0\u00bb;<br \/>\nmso-ansi-language:#0400;<br \/>\nmso-fareast-language:#0400;<br \/>\nmso-bidi-language:#0400;}<\/p>\n<p class=\"MsoNormal\"><strong><span style=\"font-size: 16.0pt;font-family: Arial\">Bilan<\/span><\/strong><\/p>\n<p class=\"MsoNormal\"><strong><span style=\"font-size: 16.0pt;font-family: Arial\">&nbsp;<\/span><\/strong><\/p>\n<p class=\"MsoNormal\"><em><strong><span style=\"font-family: Arial;font-size: medium\">Les vacances touchent \u00e0 leurs fin&nbsp;; c\u2019est peut-\u00eatre le moment de dresser le bilan de nos ateliers de danses folk. Depuis mars, quatre ateliers ont d\u00e9j\u00e0 eu lieu, toujours le second vendredi du mois. Michel Thiriart, notre ma\u00eetre \u00e0 danser, a d\u00e9j\u00e0 abord\u00e9 pas mal de danses que l\u2019on peut pratiquer &nbsp;dans les bals folk&nbsp;: les danses de couples (valses, mazurka, polka et scottish), mais aussi des danses communautaires comme les cercles sicilien et circassien, la gigue. Aussi une s\u00e9rie de danses r\u00e9gionales&nbsp;: bourr\u00e9es du Berry et d\u2019Auvergne, andro et gavottes de Bretagne, les valses anglaises et \u00e9cossaises, sans oubli\u00e9 les standards wallons&nbsp;: li tch\u00e8ron, l\u2019ar\u00e8dge de Malempr\u00e9, la maclote de Steinbach etc.<\/span><\/strong><\/em><\/p>\n<p class=\"MsoNormal\"><em><strong><span style=\"font-family: Arial;font-size: medium\">&nbsp;<\/span><\/strong><\/em><\/p>\n<p class=\"MsoNormal\"><em><strong><span style=\"font-family: Arial;font-size: medium\">A partir du mois d\u2019avril, deux &nbsp;musiciens habitant Profondeville se sont joints \u00e0 moi pour livrer une musique plus vari\u00e9e, plus vivante. Il s\u2019agit de Maurice Courtois (mandoline) et de Michel Gr\u00e9goire (guitare).<\/span><\/strong><\/em><\/p>\n<p class=\"MsoNormal\"><em><strong><span style=\"font-family: Arial;font-size: medium\">&nbsp;<\/span><\/strong><\/em><\/p>\n<p class=\"MsoNormal\"><em><strong><span style=\"font-family: Arial;font-size: medium\">Les soir\u00e9es se passent dans la bonne humeur&nbsp;: pas question de performance&nbsp;; il s\u2019agit tout simplement de passer deux heures agr\u00e9ables sans se prendre la t\u00eate. Chaque fois, entre 20 et 30 personnes ont r\u00e9pondu \u00e0 l\u2019appel. Un bar avec des bi\u00e8res sp\u00e9ciales et du vin est \u00e0 votre disposition.<\/span><\/strong><\/em><\/p>\n<p class=\"MsoNormal\"><em><strong><span style=\"font-family: Arial;font-size: medium\">&nbsp;<\/span><\/strong><\/em><\/p>\n<p class=\"MsoNormal\"><em><strong><span style=\"font-family: Arial;font-size: medium\">Le 22 juin, un dimanche apr\u00e8s-midi, nous aurions voulu f\u00eater dignement la musique, mais, le public s\u2019est tr\u00e8s peu manifest\u00e9 et pour cause&nbsp;: d\u2019une part un temps magnifique qui en a sans doute tent\u00e9 plus d\u2019un de rester \u00e0 la maison et de profiter de la nature et, d\u2019autre part, la match de coupe du monde Belgique-Russie. Cette occasion nous a tout de m\u00eame permis de r\u00e9p\u00e9ter notre r\u00e9pertoire et de danser sur quelques morceaux.<\/span><\/strong><\/em><\/p>\n<div style=\"border: none;border-bottom: solid windowtext 1.0pt;padding: 0cm 0cm 1.0pt 0cm\">\n<p class=\"MsoNormal\" style=\"border: none;padding: 0cm\"><em><strong><span style=\"font-family: Arial;font-size: medium\">&nbsp;<\/span><\/strong><\/em><\/p>\n<\/div>\n<p class=\"MsoNormal\"><em><strong><span style=\"font-family: Arial;font-size: medium\">&nbsp;<\/span><\/strong><\/em><\/p>\n<p class=\"MsoNormal\"><em><strong><span style=\"font-size: medium\"><span style=\"font-family: Arial\">Avenir<\/span><\/span><\/strong><\/em><\/p>\n<p class=\"MsoNormal\"><em><strong><span style=\"font-family: Arial;font-size: medium\">&nbsp;<\/span><\/strong><\/em><\/p>\n<p class=\"MsoNormal\"><em><strong><span style=\"font-family: Arial;font-size: medium\">Les ateliers de la T\u00e9t\u00eache reprendront selon le m\u00eame principe apr\u00e8s les vacances d\u2019\u00e9t\u00e9&nbsp;: le vendredi 12 septembre. Les dates suivantes&nbsp;: 10 octobre, 14 novembre, 12 d\u00e9cembre, toujours \u00e0 20 heures 30. Nous garderons le principe de la gratuit\u00e9 de l\u2019activit\u00e9.<\/span><\/strong><\/em><\/p>\n<p class=\"MsoNormal\"><em><strong><span style=\"font-family: Arial;font-size: medium\">Nous envisagerons aussi d\u2019organiser une r\u00e9p\u00e9tition par mois. \u00c7a sera, les jours d\u2019animation, \u00e0 19 heures. Les musiciens qui souhaitent venir grossir les rangs du petit groupe, sont les bienvenus. Un fichier PDF avec les partitions des morceaux d\u00e9j\u00e0 abord\u00e9s est disponible&nbsp;: je peux vous l\u2019envoyer par mail sur simple demande.<\/span><\/strong><\/em><\/p>\n<p class=\"MsoNormal\"><em><strong><span style=\"font-family: Arial;font-size: medium\">&nbsp;<\/span><\/strong><\/em><\/p>\n<p class=\"MsoNormal\"><em><strong><span style=\"font-family: Arial;font-size: medium\">Donc, pour les musiciens, rendez-vous \u00e0 la T\u00e9t\u00eache le vendredi 12 septembre \u00e0 19 heures.<\/span><\/strong><\/em><\/p>\n<div style=\"border: none;border-bottom: solid windowtext 1.0pt;padding: 0cm 0cm 1.0pt 0cm\">\n<p class=\"MsoNormal\" style=\"border: none;padding: 0cm\"><em><strong><span style=\"font-family: Arial;font-size: medium\">&nbsp;<\/span><\/strong><\/em><\/p>\n<\/div>\n<p class=\"MsoNormal\"><em><strong><span style=\"font-family: Arial;font-size: medium\">&nbsp;<\/span><\/strong><\/em><\/p>\n<p class=\"MsoNormal\"><em><strong><span style=\"font-size: medium\"><span style=\"font-family: Arial\">D\u2019o\u00f9 vient le nom de la salle&nbsp;: \u00ab&nbsp;La T\u00e9t\u00e8che&nbsp;\u00bb&nbsp;?<\/span><\/span><\/strong><\/em><\/p>\n<p class=\"MsoNormal\"><em><strong><span style=\"font-size: medium\"><span style=\"font-family: Arial\">&nbsp;<\/span><\/span><\/strong><\/em><\/p>\n<p class=\"MsoNormal\"><em><strong><span style=\"font-family: Arial;font-size: medium\">Une jeune fille de Burnot, T\u00e9t\u00eache Pauquin, aimait un jeune Profondevillois, Guillaume Lauthin. Mais leurs sentiments r\u00e9ciproques ne rimaient pas aussi bien que leurs noms de famille. Or, T\u00e9t\u00eache avait son id\u00e9e. Elle eut recours aux offices de Notre-Dame de la Pierre \u00e0 l\u2019Image. T\u00e9t\u00eache venait la prier ostensiblement de toucher le c\u0153ur de Guillaume. Celui-ci n\u2019\u00e9tait pas sans avoir compris. Cach\u00e9 un jour derri\u00e8re la Pierre et contrefaisant la voix fluette de l\u2019Enfant-J\u00e9sus, il dit ironiquement dans son patois de Profondeville, \u00e0 T\u00e9t\u00eache, en pri\u00e8re&nbsp;:<\/span><\/strong><\/em><\/p>\n<p class=\"MsoNormal\"><em><strong><span style=\"font-family: Arial;font-size: medium\">&nbsp;<\/span><\/strong><\/em><\/p>\n<p class=\"MsoNormal\"><em><strong><span style=\"font-family: Arial;font-size: medium\">\u00ab&nbsp; T\u00e9t\u00eache Pauquin, ne pleurez nin, Guillaume Lauthin vous ne l\u2019aurez nin&nbsp;\u00bb.<\/span><\/strong><\/em><\/p>\n<p class=\"MsoNormal\"><em><strong><span style=\"font-family: Arial;font-size: medium\">Mais T\u00e9t\u00eache, fine mouche, r\u00e9partit doucement, sans sourciller.<\/span><\/strong><\/em><\/p>\n<p class=\"MsoNormal\"><em><strong><span style=\"font-family: Arial;font-size: medium\">&nbsp;<\/span><\/strong><\/em><\/p>\n<p class=\"MsoNormal\"><em><strong><span style=\"font-family: Arial;font-size: medium\">\u00ab&nbsp;Taisez-vous, Petit J\u00e9sus, vous ne savez pas ce que c\u2019est&nbsp;; laissez parler votre Sainte M\u00e8re, elle est plus \u00e2g\u00e9e que vous&nbsp;\u00bb.<\/span><\/strong><\/em><\/p>\n<p class=\"MsoNormal\"><em><strong><span style=\"font-family: Arial;font-size: medium\">&nbsp;<\/span><\/strong><\/em><\/p>\n<p class=\"MsoNormal\"><em><strong><span style=\"font-size: medium\"><span style=\"font-family: Arial\">Cit\u00e9 par Jacques Monbaerts dans \u00ab&nbsp;A Profondeville, en parlant de la Meuse, des gens, des b\u00eates et des choses&nbsp;\u00bb&nbsp;\u2013 Editions H\u00e9raldy &#8211; 1947<\/span><\/span><\/strong><\/em><\/p>\n<div style=\"border: none;border-bottom: solid windowtext 1.0pt;padding: 0cm 0cm 1.0pt 0cm\">\n<p class=\"MsoNormal\" style=\"border: none;padding: 0cm\"><em><strong><span style=\"font-size: medium;font-family: Arial\">&nbsp;<\/span><\/strong><\/em><\/p>\n<\/div>\n<p class=\"MsoNormal\"><em><strong><span style=\"font-size: medium;font-family: Arial\">&nbsp;<\/span><\/strong><\/em><\/p>\n<p class=\"MsoNormal\"><em><strong><span style=\"font-family: Arial;font-size: medium\">Toutes ces activit\u00e9s ont lieu en collaboration avec le CAR &nbsp;(Comit\u00e9 d\u2019Animation de Rivi\u00e8re) et le soutien de l\u2019Echevinat de la Culture de Profondeville.<\/span><\/strong><\/em><\/p>\n<p class=\"MsoNormal\"><em><strong><span style=\"font-family: Arial;font-size: medium\">&nbsp;<\/span><\/strong><\/em><\/p>\n<p class=\"MsoNormal\"><em><strong><span style=\"font-family: Arial;font-size: medium\">Salle \u00ab&nbsp;La T\u00e9t\u00eache&nbsp;\u00bb, chauss\u00e9e de Dinant 180 \u00e0 Rivi\u00e8re (premier \u00e9tage).<\/span><\/strong><\/em><\/p>\n<div style=\"border: none;border-bottom: solid windowtext 1.0pt;padding: 0cm 0cm 1.0pt 0cm\">\n<p class=\"MsoNormal\" style=\"border: none;padding: 0cm\"><em><strong><span style=\"font-family: Arial;font-size: medium\">&nbsp;<\/span><\/strong><\/em><\/p>\n<\/div>\n<p class=\"MsoNormal\"><em><strong><span style=\"font-size: medium\"><span style=\"font-family: Arial\">&nbsp;<\/span><\/span><\/strong><\/em><\/p>\n<p class=\"MsoNormal\"><em><strong><span style=\"font-size: medium\"><span style=\"font-family: Arial\">Renseignements<\/span><span style=\"font-family: Arial\">&nbsp;: <\/span><\/span><\/strong><\/em><\/p>\n<p class=\"MsoNormal\"><em><strong><span style=\"font-family: Arial;font-size: medium\">&nbsp;<\/span><\/strong><\/em><\/p>\n<p class=\"MsoNormal\"><em><strong><span style=\"font-family: Arial;font-size: medium\">Jean-Pierre Wilmotte&nbsp;: <\/span><\/strong><\/em><\/p>\n<p class=\"MsoNormal\"><em><strong><span style=\"font-family: Arial;font-size: medium\">0494\/76.09.28<\/span><\/strong><\/em><\/p>\n<p class=\"MsoNormal\"><em><strong><span style=\"font-family: Arial;font-size: medium\"><a href=\"mailto:tetechefolk@gmail.com\">tetechefolk@gmail.com<\/a> &nbsp; <\/span><\/strong><\/em><\/p>\n","protected":false},"excerpt":{"rendered":"<p>Normal 0 21 false false false MicrosoftInternetExplorer4 \/* Style Definitions *\/ table.MsoNormalTable {mso-style-name:\u00a0\u00bbTableau Normal\u00a0\u00bb; mso-tstyle-rowband-size:0; mso-tstyle-colband-size:0; mso-style-noshow:yes; mso-style-parent:\u00a0\u00bb\u00a0\u00bb; mso-padding-alt:0cm 5.4pt 0cm 5.4pt; mso-para-margin:0cm; mso-para-margin-bottom:.0001pt; mso-pagination:widow-orphan; font-size:10.0pt; font-family:\u00a0\u00bbTimes New Roman\u00a0\u00bb; mso-ansi-language:#0400; mso-fareast-language:#0400; mso-bidi-language:#0400;} Bilan &nbsp; Les vacances touchent \u00e0 leurs fin&nbsp;; c\u2019est peut-\u00eatre le moment de dresser le bilan de nos ateliers de danses folk. Depuis &hellip; <\/p>\n<p class=\"link-more\"><a href=\"http:\/\/sptja.com\/culture\/2014\/08\/28\/teteche-folk-newsletter-n-2-aout-2014\/\" class=\"more-link\">Continuer la lecture<span class=\"screen-reader-text\"> de &laquo;&nbsp;T\u00e9t\u00eache Folk  Newsletter n\u00b0 2   Ao\u00fbt 2014&nbsp;&raquo;<\/span><\/a><\/p>\n","protected":false},"author":3,"featured_media":0,"comment_status":"closed","ping_status":"open","sticky":false,"template":"","format":"standard","meta":[],"categories":[23,13,5,33,10],"tags":[],"_links":{"self":[{"href":"http:\/\/sptja.com\/culture\/wp-json\/wp\/v2\/posts\/28"}],"collection":[{"href":"http:\/\/sptja.com\/culture\/wp-json\/wp\/v2\/posts"}],"about":[{"href":"http:\/\/sptja.com\/culture\/wp-json\/wp\/v2\/types\/post"}],"author":[{"embeddable":true,"href":"http:\/\/sptja.com\/culture\/wp-json\/wp\/v2\/users\/3"}],"replies":[{"embeddable":true,"href":"http:\/\/sptja.com\/culture\/wp-json\/wp\/v2\/comments?post=28"}],"version-history":[{"count":0,"href":"http:\/\/sptja.com\/culture\/wp-json\/wp\/v2\/posts\/28\/revisions"}],"wp:attachment":[{"href":"http:\/\/sptja.com\/culture\/wp-json\/wp\/v2\/media?parent=28"}],"wp:term":[{"taxonomy":"category","embeddable":true,"href":"http:\/\/sptja.com\/culture\/wp-json\/wp\/v2\/categories?post=28"},{"taxonomy":"post_tag","embeddable":true,"href":"http:\/\/sptja.com\/culture\/wp-json\/wp\/v2\/tags?post=28"}],"curies":[{"name":"wp","href":"https:\/\/api.w.org\/{rel}","templated":true}]}}