{"id":24,"date":"2014-06-03T23:19:23","date_gmt":"2014-06-03T21:19:23","guid":{"rendered":"http:\/\/sptja.com\/culture\/2014\/06\/03\/exposition-de-juin-a-la-galerie-dartbre\/"},"modified":"2014-06-03T23:19:23","modified_gmt":"2014-06-03T21:19:23","slug":"exposition-de-juin-a-la-galerie-dartbre","status":"publish","type":"post","link":"http:\/\/sptja.com\/culture\/2014\/06\/03\/exposition-de-juin-a-la-galerie-dartbre\/","title":{"rendered":"Exposition de juin \u00e0 la Galerie d&rsquo;Art&rsquo;bre"},"content":{"rendered":"<p style=\"text-align: center\"><img decoding=\"async\" id=\"media-10897539\" style=\"margin: 0.7em 0\" title=\"\" src=\"http:\/\/sptja.com\/media\/221423\/arbre20140607profondeville1.jpg\" alt=\"arbre20140607profondeville1.jpg\" \/><\/p>\n<p style=\"text-align: center\"><img decoding=\"async\" id=\"media-10897540\" style=\"margin: 0.7em 0\" title=\"\" src=\"http:\/\/sptja.com\/media\/221423\/arbre20140607profondeville2.jpg\" alt=\"arbre20140607profondeville2.jpg\" \/><\/p>\n<p style=\"text-align: center\"><img decoding=\"async\" id=\"media-10897541\" style=\"margin: 0.7em 0\" title=\"\" src=\"http:\/\/sptja.com\/media\/221423\/arbre20140607profondeville3.jpg\" alt=\"arbre20140607profondeville3.jpg\" \/><\/p>\n<div>\n<p class=\"spip\" style=\"text-align: justify\"><strong><span style=\"font-size: 24pt\"><span class=\"Apple-style-span\" style=\"font-family: Arial\">Alexandre Forceille<\/span><\/span><\/strong><\/p>\n<p class=\"spip\" style=\"text-align: justify\"><em><strong><span style=\"font-size: medium\"><span class=\"Apple-style-span\" style=\"font-family: Arial\">Ce tailleur de pierre est n\u00e9 \u00e0 Namur dans un pays de carri\u00e8res, au c\u0153ur m\u00eame de la pierre. Il vit \u00e0 Bertrix, dans la Province de Luxembourg o\u00f9 il se consacre totalement \u00e0 cette fascinante activit\u00e9.<\/span><\/span><\/strong><\/em><\/p>\n<p class=\"spip\" style=\"text-align: justify\"><em><strong><span style=\"font-size: medium\"><span class=\"Apple-style-span\" style=\"font-family: Arial\">Alexandre Forceille est autodidacte mais puriste, \u00e0 la fois artisan et artiste, il produit des objets usuels, des lampes, des fontaines o\u00f9 il associe avec bonheur la fluidit\u00e9 de l\u2019eau et la duret\u00e9 de la pierre. Il se pr\u00eate aussi \u00e0 la cr\u00e9ation d\u2019\u0153uvre monumentale.&nbsp;Certaines sculptures ne sont qu\u2019abstraction g\u00e9om\u00e9trique mais si harmonieuses en d\u00e9pit de leur d\u00e9pouillement. Elles s\u2019\u00e9loignent davantage d\u2019\u00e9ventuelles significations apparentes, pour laisser aux spectateurs toute libert\u00e9 d\u2019interpr\u00e9tation.<\/span><\/span><\/strong><\/em><\/p>\n<p class=\"spip\" style=\"text-align: justify\"><em><strong><span style=\"font-size: medium\"><span class=\"Apple-style-span\" style=\"font-family: Arial\">Coup\u00e9es, taill\u00e9es, martel\u00e9es, burin\u00e9es, frais\u00e9es, liss\u00e9es, polies dans des blocs de pierre bleue ou, plus rarement, dans du marbre blanc, toutes ces projections sculpturales du g\u00e9nie de l\u2019artiste interpellent.&nbsp;Alexandre Forceille&nbsp;n\u2019h\u00e9site pas&nbsp;&nbsp;de laisser des parties brutes ou \u00e0 peine travaill\u00e9es dans une roche dont l\u2019\u0153uvre n\u2019en finit pas de na\u00eetre.&nbsp;L\u2019imagination des formes et des dimensions n\u2019a pas de limite, ni une quelconque difficult\u00e9 \u00e0 susciter ici la tendresse, l\u2019\u00e9motion, ou \u00e0 engendrer ailleurs une esth\u00e9tique tranchante, pure et dure.<\/span><\/span><\/strong><\/em><\/p>\n<p class=\"spip\" style=\"text-align: justify\"><em><strong><span style=\"font-size: medium\"><span class=\"Apple-style-span\" style=\"font-family: Arial\">Rien de superflu chez Alexandre Forceille.&nbsp;Il se livre \u00e0 un v\u00e9ritable corps \u00e0 corps avec la mati\u00e8re vivante. Il la scrute, la d\u00e9couvre jusque dans ses moindres secrets. Plus il polit, plus l\u2019\u00e2me et la vie se r\u00e9v\u00e8lent. Avec les meules et disqueuses, il d\u00e9grossit l\u2019\u0153uvre. Avec le burin, il tambourine, sclippe, lisse, cis\u00e8le et boucharde la pierre. Avec d\u00e9termination et pr\u00e9cision, l\u2019artiste nous offre la beaut\u00e9 originelle de la pierre, dans un univers d\u00e9pouill\u00e9 de tout artifice.<\/span><\/span><\/strong><\/em><\/p>\n<p class=\"spip\" style=\"text-align: justify\"><em><strong><span style=\"font-size: medium\"><span class=\"Apple-style-span\" style=\"font-family: Arial\">&nbsp;Alexandre Forceille livre au regard le fruit d\u2019une connivence avec la mati\u00e8re.<\/span><\/span><\/strong><\/em><\/p>\n<div>\n<p class=\"MsoNormal\" style=\"text-align: justify\"><strong><span lang=\"FR\"><span class=\"Apple-style-span\" style=\"font-family: Arial\"><span class=\"Apple-style-span\" style=\"font-size: 32px\">Julie<\/span><\/span><\/span><\/strong><\/p>\n<p class=\"MsoNormal\" style=\"text-align: justify\"><span style=\"font-size: medium\"><em><strong><span class=\"Apple-style-span\" style=\"font-family: Arial\">Pseudonyme de Rita Lannoote, n\u00e9e \u00e0 Werwik en 1954.&nbsp;<\/span><\/strong><\/em><\/span><\/p>\n<p class=\"MsoNormal\" style=\"text-align: justify\"><span style=\"font-size: medium\"><em><strong><span class=\"Apple-style-span\" style=\"font-family: Arial\">Julie est et reste avant tout une artiste autodidacte.&nbsp;<\/span><span class=\"Apple-style-span\" style=\"font-family: Arial\">Elle est toujours partante, battante et volontaire.&nbsp;<\/span><span class=\"Apple-style-span\" style=\"font-family: Arial\">Elle s\u2019est mise \u00e0 peindre pour exprimer ses r\u00e9voltes, ses craintes, ses douleurs et ses joies qu\u2019elle puise dans la vie quotidienne. La peinture lui permet de laisser tomber le masque que les al\u00e9as de la vie nous imposent\u2026 avec le temps&nbsp;!<\/span><\/strong><\/em><\/span><\/p>\n<p class=\"MsoNormal\" style=\"text-align: justify\"><span style=\"font-size: medium\"><em><strong><span class=\"Apple-style-span\" style=\"font-family: Arial\">Les toiles sont devenues des t\u00e9moins d\u2019\u00e9tats d\u2019\u00e2me de l\u2019artiste&nbsp;; elles laissent une part de r\u00eave, d\u2019imagination et d\u2019esp\u00e9rance \u00e0 partager. Consid\u00e9rant qu\u2019il est plus facile de s\u2019exprimer par les couleurs que par les mots, elle transmet dans chacune de ses \u0153uvres un message de sa philosophie, tant\u00f4t vive, tant\u00f4t sauvage et expressive, parfois romantique et po\u00e9tique,&nbsp;<\/span><span class=\"Apple-style-span\" style=\"font-family: Arial\">plus tard m\u00e9lancolique<\/span><span class=\"Apple-style-span\" style=\"font-family: Arial\">.&nbsp;<\/span><span class=\"Apple-style-span\" style=\"font-family: Arial\">Il n\u2019y a pas de retenues, ni de contraintes, ni de lois, seulement des formes et quelques couleurs qui nous font r\u00eaver&nbsp;&nbsp;et imaginer jusqu\u2019\u00e0 l\u2019\u00e9garement, en sorte un support pour la m\u00e9ditation.<\/span><\/strong><\/em><\/span><\/p>\n<p class=\"MsoNormal\" style=\"text-align: justify\"><span style=\"font-size: medium\"><em><strong><span style=\"font-family: Arial\" lang=\"FR\">Tent\u00e9e par l\u2019art abstrait et sans cesse ramen\u00e9e par la raison, elle revendique l\u2019art qui, par sa couleur, exprime la vie, la sensibilit\u00e9 et le r\u00eave\u2026&nbsp;<\/span><\/strong><\/em><\/span><span class=\"Apple-style-span\" style=\"font-family: Arial\"><span style=\"font-size: medium\"><em><strong>Julie peut \u00eatre absente des influences des \u00e9v\u00e8nements de la vie quotidienne\u2026 Elle forme des images d\u2019apr\u00e8s ses \u00e9motions. Les figures humaines sont port\u00e9es \u00e0 la limite de l\u2019abstrait comme dans un brouillard o\u00f9 \u00e9merge sa propre vision. Sujet et forme sont le r\u00e9sultat de la synth\u00e8se entre m\u00e9ditation et intuition car ses tableaux sont encore accentu\u00e9s par l\u2019utilisation de pigments naturels, textures ou brins de \u00abNEWS\u00bb qui donnent une notion de chaleur, un petit clin d\u2019\u0153il\u2026 une sorte de message vers la m\u00e9ditation\u2026<\/strong> <\/em><\/span><br \/><\/span><\/p>\n<\/div>\n<\/div>\n","protected":false},"excerpt":{"rendered":"<p>Alexandre Forceille Ce tailleur de pierre est n\u00e9 \u00e0 Namur dans un pays de carri\u00e8res, au c\u0153ur m\u00eame de la pierre. Il vit \u00e0 Bertrix, dans la Province de Luxembourg o\u00f9 il se consacre totalement \u00e0 cette fascinante activit\u00e9. Alexandre Forceille est autodidacte mais puriste, \u00e0 la fois artisan et artiste, il produit des objets &hellip; <\/p>\n<p class=\"link-more\"><a href=\"http:\/\/sptja.com\/culture\/2014\/06\/03\/exposition-de-juin-a-la-galerie-dartbre\/\" class=\"more-link\">Continuer la lecture<span class=\"screen-reader-text\"> de &laquo;&nbsp;Exposition de juin \u00e0 la Galerie d&rsquo;Art&rsquo;bre&nbsp;&raquo;<\/span><\/a><\/p>\n","protected":false},"author":3,"featured_media":0,"comment_status":"closed","ping_status":"open","sticky":false,"template":"","format":"standard","meta":[],"categories":[23,12,13,25,22,2,11,17,26,29,18,10],"tags":[],"_links":{"self":[{"href":"http:\/\/sptja.com\/culture\/wp-json\/wp\/v2\/posts\/24"}],"collection":[{"href":"http:\/\/sptja.com\/culture\/wp-json\/wp\/v2\/posts"}],"about":[{"href":"http:\/\/sptja.com\/culture\/wp-json\/wp\/v2\/types\/post"}],"author":[{"embeddable":true,"href":"http:\/\/sptja.com\/culture\/wp-json\/wp\/v2\/users\/3"}],"replies":[{"embeddable":true,"href":"http:\/\/sptja.com\/culture\/wp-json\/wp\/v2\/comments?post=24"}],"version-history":[{"count":0,"href":"http:\/\/sptja.com\/culture\/wp-json\/wp\/v2\/posts\/24\/revisions"}],"wp:attachment":[{"href":"http:\/\/sptja.com\/culture\/wp-json\/wp\/v2\/media?parent=24"}],"wp:term":[{"taxonomy":"category","embeddable":true,"href":"http:\/\/sptja.com\/culture\/wp-json\/wp\/v2\/categories?post=24"},{"taxonomy":"post_tag","embeddable":true,"href":"http:\/\/sptja.com\/culture\/wp-json\/wp\/v2\/tags?post=24"}],"curies":[{"name":"wp","href":"https:\/\/api.w.org\/{rel}","templated":true}]}}