{"id":18,"date":"2014-04-01T13:13:09","date_gmt":"2014-04-01T11:13:09","guid":{"rendered":"http:\/\/sptja.com\/culture\/2014\/04\/01\/exposition-davril-a-la-galerie-dartbre-a-abre-belgique\/"},"modified":"2014-04-01T13:13:09","modified_gmt":"2014-04-01T11:13:09","slug":"exposition-davril-a-la-galerie-dartbre-a-abre-belgique","status":"publish","type":"post","link":"http:\/\/sptja.com\/culture\/2014\/04\/01\/exposition-davril-a-la-galerie-dartbre-a-abre-belgique\/","title":{"rendered":"Exposition d&rsquo;avril \u00e0 la Galerie d&rsquo;Art&rsquo;bre \u00e0 Abre (Belgique)"},"content":{"rendered":"<p style=\"text-align: center\"><img decoding=\"async\" id=\"media-10778229\" style=\"margin: 0.7em 0\" title=\"\" src=\"http:\/\/sptja.com\/media\/221423\/arbre20140403profondeville1.jpg\" alt=\"arbre20140403profondeville1.jpg\" \/><\/p>\n<p style=\"text-align: center\"><img decoding=\"async\" id=\"media-10778232\" style=\"margin: 0.7em 0\" title=\"\" src=\"http:\/\/sptja.com\/media\/221423\/arbre20140403profondeville2.jpg\" alt=\"arbre20140403profondeville2.jpg\" \/><\/p>\n<p style=\"text-align: center\"><span class=\"Apple-style-span\" style=\"line-height: 24px\"><span style=\"color: #1b1b1b;font-size: 21px\" lang=\"FR\"><span class=\"Apple-style-span\" style=\"font-family: Arial\"><strong><em>Andr\u00e9 DEPT<\/em><\/strong><\/span><\/span><\/span><span class=\"Apple-style-span\" style=\"line-height: 24px\"><span style=\"font-family: Arial;color: #1b1b1b\" lang=\"FR\">&nbsp;<\/span><\/span><\/p>\n<div>\n<p class=\"MsoNormal\" style=\"line-height: 18pt\"><span style=\"font-size: medium\"><span style=\"font-family: Arial;color: #1b1b1b\" lang=\"FR\">Il dessine depuis qu&rsquo;il est tout petit. A<\/span><span style=\"font-family: Arial;color: #1b1b1b\" lang=\"FR\">&nbsp;expos\u00e9 \u00e0 Ecaussinnes, \u00e0 Morlanwelz, \u00e0 La Louvi\u00e8re, \u00e0 Mons et \u00e0 Tubize.&nbsp;<\/span><span class=\"Apple-style-span\" style=\"font-family: Arial;color: #1b1b1b\">La Province de Hainaut a acquit une de ses oeuvres en 1988.&nbsp;<\/span><span class=\"Apple-style-span\" style=\"font-family: Arial;color: #1b1b1b\">Apr\u00e8s ses humanit\u00e9s artistiques, il suit une formation en graphisme et est gradu\u00e9 en Arts Graphiques. Il a re\u00e7u plusieurs prix pour ses affiches et ses logos.&nbsp;<\/span><span class=\"Apple-style-span\" style=\"font-family: Arial;color: #1b1b1b\">Andr\u00e9 Dept, emploie la technique du pastel sec qu\u2019il \u00e9tend sur le papier avec les doigts.&nbsp;<\/span><span class=\"Apple-style-span\" style=\"font-family: Arial;color: #1b1b1b\">Les \u0153uvres tendent vers l&rsquo;abstraction tout en conservant un \u00e9l\u00e9ment figuratif r\u00e9duit au minimum.&nbsp;<\/span><span class=\"Apple-style-span\" style=\"font-family: Arial;color: #1b1b1b\">Cet \u00e9l\u00e9ment, on le retrouve dans tous les tableaux : c&rsquo;est l<\/span><span class=\"Apple-style-span\" style=\"color: #1b1b1b\"><span class=\"Apple-style-span\" style=\"font-family: Arial\"><strong>&lsquo;arbre<\/strong><\/span><\/span><span class=\"Apple-style-span\" style=\"font-family: Arial;color: #1b1b1b\">.<\/span><\/span><\/p>\n<p class=\"MsoNormal\" style=\"line-height: 18pt\"><span style=\"font-size: medium\"><span style=\"font-family: Arial;color: #1b1b1b\" lang=\"FR\">Mais cet arbre ne proc\u00e8de pas du monde v\u00e9g\u00e9tal. L&rsquo;arbre est un trait d&rsquo;union entre le monde spirituel et le monde mat\u00e9riel, il faut le voir comme un monde \u00e0 part dans lequel on peut traduire tous les climats que l&rsquo;on sent. Cet arbre devient le symbole du th\u00e8me que l&rsquo;artiste a voulu repr\u00e9senter, th\u00e8me qui tourne autour de la position de l&rsquo;individu face aux contraintes de la vie ou de la soci\u00e9t\u00e9. Mais il devient \u00e9galement le pr\u00e9texte d&rsquo;une recherche purement plastique.<\/span><\/span><\/p>\n<p class=\"MsoNormal\" style=\"line-height: 18pt\"><span class=\"Apple-style-span\" style=\"font-family: Arial;color: #1b1b1b;font-size: medium\">Malgr\u00e9 l&rsquo;impression de recherche esth\u00e9tique qui s&rsquo;en d\u00e9gage, les tableaux d&rsquo;Andr\u00e9 Dept sont le fruit d&rsquo;une \u00e9criture pulsionnelle. Un paradoxe expliqu\u00e9 par la vitesse d&rsquo;ex\u00e9cution de l&rsquo;artiste. Son but est d&rsquo;avoir une plage color\u00e9e qui exprime un climat, une tension, avec un minimum de signes pour traduire le sujet.<\/span><\/p>\n<p class=\"MsoNormal\" style=\"line-height: 18pt\"><span class=\"Apple-style-span\" style=\"font-family: Arial;color: #1b1b1b;font-size: medium\">A l&rsquo;occasion de cette exposition, Andr\u00e9 Dept utilise la technique du pastel sec pour interpr\u00e9ter aussi des th\u00e8mes qu&rsquo;il aime particuli\u00e8rement, comme par exemple une \u00e9ruption volcanique, un Tsunami dans ce qu&rsquo;ils ont de beau et d&rsquo;effrayant \u00e0 la fois. Certains tableaux sont aussi pour lui le pr\u00e9texte de r\u00e9aliser des ciels ou des reflets dans l&rsquo;eau en repoussant au maximum les limites de la technicit\u00e9.<\/span><\/p>\n<p class=\"MsoNormal\" style=\"line-height: 18pt\"><span style=\"font-size: medium\"><strong><span style=\"font-family: Arial;color: #1b1b1b\" lang=\"FR\">&nbsp;<\/span><\/strong><em><span style=\"font-family: Arial;color: #1b1b1b\" lang=\"FR\">\u00abJe vis d&rsquo;une image commerciale que j&rsquo;\u00e9labore pour les autres. Faire des images \u00e0 moi me permet de me retrouver et de transcrire de fa\u00e7on plastique ce que je ne veux pas dire avec les mots. Repr\u00e9sentatif sans figuration, abstrait sans irr\u00e9alisme et symboliste sans code, mon art ne se rattache \u00e0 aucune tendance moderne ni ancienne.&nbsp;J&rsquo;ai mes images \u00e0 moi. J&rsquo;ai ma propre id\u00e9e des choses.&nbsp;Je ne vois pas les choses comme elles sont.<\/span><\/em><em><span style=\"font-family: Arial\" lang=\"FR\">&nbsp;<\/span><\/em><em><span style=\"font-family: Arial;color: #1b1b1b\" lang=\"FR\">Je vis dans mon monde et je dessine d&rsquo;apr\u00e8s ma vision int\u00e9rieure\u00bb.<\/span><\/em><\/span><\/p>\n<p class=\"MsoNormal\" style=\"line-height: 18pt\"><span style=\"font-family: Arial;font-size: small\" lang=\"FR\">&nbsp;<\/span><\/p>\n<div>\n<p class=\"MsoNormal\"><strong><em><span style=\"font-family: Arial;font-size: 16pt\" lang=\"FR\">Myriam Cassiers<\/span><\/em><\/strong><\/p>\n<p class=\"MsoNormal\"><span style=\"font-family: Arial\" lang=\"FR\">&nbsp;<\/span><span style=\"font-size: medium\"><em><span class=\"Apple-style-span\" style=\"font-family: Arial\">Au cours de son apprentissage aupr\u00e8s d\u2019un atelier de vitrail bruxellois et de son passage dans diverses \u00e9coles, l\u2019Acad\u00e9mie des Beaux-Arts de Namur, l\u2019Insituut voor Kunst en Ambacht \u00e0 Malines et de Academie voor Beeldende Kunsten Mechelen o\u00f9 elle poursuit sa formation, Myriam Cassiers a test\u00e9 diff\u00e9rentes techniques du travail du verre telles que le vitrail, le soufflage, le moulage, le thermoformage, etc.<\/span><\/em><\/span><\/p>\n<p class=\"MsoNormal\"><span style=\"font-size: medium\"><em><span style=\"font-family: Arial\" lang=\"FR\">Elle pr\u00e9sente des \u0153uvres r\u00e9alis\u00e9es selon la technique de la s\u00e9rigraphie sur verre fusionn\u00e9.&nbsp;Par ces techniques elle cherche \u00e0 mettre en lumi\u00e8re l\u2019invisible, ou si l\u2019on veut l\u2019\u00e2me de la mati\u00e8re.&nbsp;<\/span><\/em><\/span><\/p>\n<p class=\"MsoNormal\"><span style=\"font-size: medium\"><em><span style=\"font-family: Arial\" lang=\"FR\">&nbsp;<\/span><span style=\"font-family: Arial\" lang=\"FR\">\u00abUn travail surprenant, au r\u00e9sultat inattendu. La source d\u2019inspiration de Myriam Cassiers est partiellement puis\u00e9e dans le r\u00e9el, mais un r\u00e9el transfigur\u00e9 au final par le travail de la lumi\u00e8re, un r\u00e9el qui se d\u00e9compose au moment de la cr\u00e9ation pour se recomposer autrement, pour atteindre une nouvelle vie\u00bb.<\/span><span style=\"font-family: Arial\" lang=\"FR\">&nbsp;<\/span><\/em><\/span><\/p>\n<p class=\"MsoNormal\"><span style=\"font-size: medium\"><em><span style=\"font-family: Arial\" lang=\"FR\">S. Morgan &#8211; Le Wolvendael \u2013 novembre 2009<\/span><\/em><\/span><\/p>\n<\/div>\n<\/div>\n<p style=\"text-align: center\"><img decoding=\"async\" id=\"media-10778233\" style=\"margin: 0.7em 0\" title=\"\" src=\"http:\/\/sptja.com\/media\/221423\/arbre20140403profondeville3.jpg\" alt=\"arbre20140403profondeville3.jpg\" \/><\/p>\n","protected":false},"excerpt":{"rendered":"<p>Andr\u00e9 DEPT&nbsp; Il dessine depuis qu&rsquo;il est tout petit. A&nbsp;expos\u00e9 \u00e0 Ecaussinnes, \u00e0 Morlanwelz, \u00e0 La Louvi\u00e8re, \u00e0 Mons et \u00e0 Tubize.&nbsp;La Province de Hainaut a acquit une de ses oeuvres en 1988.&nbsp;Apr\u00e8s ses humanit\u00e9s artistiques, il suit une formation en graphisme et est gradu\u00e9 en Arts Graphiques. Il a re\u00e7u plusieurs prix pour ses &hellip; <\/p>\n<p class=\"link-more\"><a href=\"http:\/\/sptja.com\/culture\/2014\/04\/01\/exposition-davril-a-la-galerie-dartbre-a-abre-belgique\/\" class=\"more-link\">Continuer la lecture<span class=\"screen-reader-text\"> de &laquo;&nbsp;Exposition d&rsquo;avril \u00e0 la Galerie d&rsquo;Art&rsquo;bre \u00e0 Abre (Belgique)&nbsp;&raquo;<\/span><\/a><\/p>\n","protected":false},"author":3,"featured_media":0,"comment_status":"closed","ping_status":"open","sticky":false,"template":"","format":"standard","meta":[],"categories":[23,24,12,27,14,19,13,20,25,16,3,22,4,2,11,30,5,28,15,17,26,29,8,6,7,18,9,10],"tags":[],"_links":{"self":[{"href":"http:\/\/sptja.com\/culture\/wp-json\/wp\/v2\/posts\/18"}],"collection":[{"href":"http:\/\/sptja.com\/culture\/wp-json\/wp\/v2\/posts"}],"about":[{"href":"http:\/\/sptja.com\/culture\/wp-json\/wp\/v2\/types\/post"}],"author":[{"embeddable":true,"href":"http:\/\/sptja.com\/culture\/wp-json\/wp\/v2\/users\/3"}],"replies":[{"embeddable":true,"href":"http:\/\/sptja.com\/culture\/wp-json\/wp\/v2\/comments?post=18"}],"version-history":[{"count":0,"href":"http:\/\/sptja.com\/culture\/wp-json\/wp\/v2\/posts\/18\/revisions"}],"wp:attachment":[{"href":"http:\/\/sptja.com\/culture\/wp-json\/wp\/v2\/media?parent=18"}],"wp:term":[{"taxonomy":"category","embeddable":true,"href":"http:\/\/sptja.com\/culture\/wp-json\/wp\/v2\/categories?post=18"},{"taxonomy":"post_tag","embeddable":true,"href":"http:\/\/sptja.com\/culture\/wp-json\/wp\/v2\/tags?post=18"}],"curies":[{"name":"wp","href":"https:\/\/api.w.org\/{rel}","templated":true}]}}