{"id":140,"date":"2018-02-14T22:04:15","date_gmt":"2018-02-14T21:04:15","guid":{"rendered":"http:\/\/sptja.com\/culture\/2018\/02\/14\/livre-circuit-de-floreffe-suite\/"},"modified":"2018-02-14T22:04:15","modified_gmt":"2018-02-14T21:04:15","slug":"livre-circuit-de-floreffe-suite","status":"publish","type":"post","link":"http:\/\/sptja.com\/culture\/2018\/02\/14\/livre-circuit-de-floreffe-suite\/","title":{"rendered":"Livre circuit de Floreffe suite&#8230;."},"content":{"rendered":"<div id=\"divtagdefaultwrapper\" dir=\"ltr\" style=\"font-size: 12pt;color: #000000;font-family: Calibri,Helvetica,sans-serif\">\n<p style=\"margin-top: 0px;margin-bottom: 0px;text-align: center\"><span style=\"font-size: 14pt\"><strong><em>Livre circuit de Floreffe suite&#8230;.<\/em><\/strong><\/span><\/p>\n<p style=\"margin-top: 0px;margin-bottom: 0px;text-align: center\">&nbsp;<\/p>\n<p style=\"margin-top: 0px;margin-bottom: 0px;text-align: center\"><span style=\"font-size: 14pt\"><strong><em>Il y a quelques mois nous vous avions fait part de notre projet d&rsquo;\u00e9diter un livre sur le circuit de Floreffe.<\/em><\/strong><\/span><\/p>\n<p style=\"margin-top: 0px;margin-bottom: 0px;text-align: center\"><span style=\"font-size: 14pt\"><strong><em>Aujourd&rsquo;hui nous en avons pratiquement termin\u00e9 avec le travail r\u00e9dactionnel et nous pouvons vous annoncer la sortie du livre dans le courant du printemps.<\/em><\/strong><\/span><\/p>\n<p style=\"margin-top: 0px;margin-bottom: 0px;text-align: center\"><span style=\"font-size: 14pt\"><strong><em>Outre toutes les courses moto qui se sont d\u00e9roul\u00e9es sur le circuit, le livre parlera \u00e9galement des pilotes qui s&rsquo;y sont illustr\u00e9s ( Tacheny, Fergus Andersson&#8230;.) et des diff\u00e9rentes moto de comp\u00e9tition de l&rsquo;\u00e9poque ( Sarolea, FN, Guzzi, Norton&#8230;). Il y aura \u00e9galement un chapitre sur le&nbsp;championnat du monde cycliste de 1935, et m\u00eame un bref historique des course&nbsp;motos qui se sont d\u00e9roul\u00e9es \u00e0 Bois de Villers dans les ann\u00e9es 60.<\/em><\/strong><\/span><\/p>\n<p style=\"margin-top: 0px;margin-bottom: 0px;text-align: center\"><span style=\"font-size: 14pt\"><strong><em>Le livre comptera +- 150 pages et plus de 250 illustrations.<\/em><\/strong><\/span><\/p>\n<p style=\"margin-top: 0px;margin-bottom: 0px;text-align: center\"><span style=\"font-size: 14pt\"><strong><em>En primeur voici quelques pages de la maquette ( attention il pourrait encore y avoir des corrections) qui donneront une id\u00e9e du contenu du livre.<\/em><\/strong><\/span><\/p>\n<p style=\"margin-top: 0px;margin-bottom: 0px;text-align: center\"><span style=\"font-size: 14pt\"><strong><em>Pour de plus amples renseignements : contact&nbsp;Jean&nbsp;Louis Dumont 081-412430&nbsp; jeanlouisdumont@hotmail.com<\/em><\/strong><\/span><\/p>\n<p style=\"text-align: center\"><img decoding=\"async\" id=\"media-12410062\" style=\"margin: 0.7em 0\" title=\"\" src=\"http:\/\/sptja.com\/media\/221423\/maquette1.jpg\" alt=\"maquette1.jpg\" \/><\/p>\n<p style=\"text-align: center\"><img decoding=\"async\" id=\"media-12410063\" style=\"margin: 0.7em 0\" title=\"\" src=\"http:\/\/sptja.com\/media\/221423\/maquette2.jpg\" alt=\"maquette2.jpg\" \/><\/p>\n<p style=\"text-align: center\"><img decoding=\"async\" id=\"media-12410064\" style=\"margin: 0.7em 0\" title=\"\" src=\"http:\/\/sptja.com\/media\/221423\/maquette3.jpg\" alt=\"maquette3.jpg\" \/><\/p>\n<p style=\"text-align: center\"><img decoding=\"async\" id=\"media-12410065\" style=\"margin: 0.7em 0\" title=\"\" src=\"http:\/\/sptja.com\/media\/221423\/maquette4.jpg\" alt=\"maquette4.jpg\" \/><\/p>\n<p style=\"text-align: center\"><img decoding=\"async\" id=\"media-12410066\" style=\"margin: 0.7em 0\" title=\"\" src=\"http:\/\/sptja.com\/media\/221423\/maquette5.jpg\" alt=\"maquette5.jpg\" \/><\/p>\n<p style=\"margin-top: 0px;margin-bottom: 0px\">&nbsp;<\/p>\n<\/div>\n","protected":false},"excerpt":{"rendered":"<p>Livre circuit de Floreffe suite&#8230;. &nbsp; Il y a quelques mois nous vous avions fait part de notre projet d&rsquo;\u00e9diter un livre sur le circuit de Floreffe. Aujourd&rsquo;hui nous en avons pratiquement termin\u00e9 avec le travail r\u00e9dactionnel et nous pouvons vous annoncer la sortie du livre dans le courant du printemps. Outre toutes les courses &hellip; <\/p>\n<p class=\"link-more\"><a href=\"http:\/\/sptja.com\/culture\/2018\/02\/14\/livre-circuit-de-floreffe-suite\/\" class=\"more-link\">Continuer la lecture<span class=\"screen-reader-text\"> de &laquo;&nbsp;Livre circuit de Floreffe suite&#8230;.&nbsp;&raquo;<\/span><\/a><\/p>\n","protected":false},"author":3,"featured_media":0,"comment_status":"closed","ping_status":"open","sticky":false,"template":"","format":"standard","meta":[],"categories":[13,25,40,2,11,54,29,39,10],"tags":[],"_links":{"self":[{"href":"http:\/\/sptja.com\/culture\/wp-json\/wp\/v2\/posts\/140"}],"collection":[{"href":"http:\/\/sptja.com\/culture\/wp-json\/wp\/v2\/posts"}],"about":[{"href":"http:\/\/sptja.com\/culture\/wp-json\/wp\/v2\/types\/post"}],"author":[{"embeddable":true,"href":"http:\/\/sptja.com\/culture\/wp-json\/wp\/v2\/users\/3"}],"replies":[{"embeddable":true,"href":"http:\/\/sptja.com\/culture\/wp-json\/wp\/v2\/comments?post=140"}],"version-history":[{"count":0,"href":"http:\/\/sptja.com\/culture\/wp-json\/wp\/v2\/posts\/140\/revisions"}],"wp:attachment":[{"href":"http:\/\/sptja.com\/culture\/wp-json\/wp\/v2\/media?parent=140"}],"wp:term":[{"taxonomy":"category","embeddable":true,"href":"http:\/\/sptja.com\/culture\/wp-json\/wp\/v2\/categories?post=140"},{"taxonomy":"post_tag","embeddable":true,"href":"http:\/\/sptja.com\/culture\/wp-json\/wp\/v2\/tags?post=140"}],"curies":[{"name":"wp","href":"https:\/\/api.w.org\/{rel}","templated":true}]}}