{"id":131,"date":"2017-10-09T22:33:41","date_gmt":"2017-10-09T20:33:41","guid":{"rendered":"http:\/\/sptja.com\/culture\/2017\/10\/09\/teteche-folk-animation-du-vendredi-13-octobre-2017\/"},"modified":"2017-10-09T22:33:41","modified_gmt":"2017-10-09T20:33:41","slug":"teteche-folk-animation-du-vendredi-13-octobre-2017","status":"publish","type":"post","link":"http:\/\/sptja.com\/culture\/2017\/10\/09\/teteche-folk-animation-du-vendredi-13-octobre-2017\/","title":{"rendered":"Teteche Folk Animation du vendredi 13 octobre 2017"},"content":{"rendered":"<div dir=\"ltr\">\n<div><span style=\"font-size: 12pt\"><strong>Chers amis,<\/strong><\/span><\/div>\n<div>&nbsp;<\/div>\n<div style=\"text-align: center\"><span style=\"font-size: 12pt\"><strong>Je vous convie, comme chaque premier vendredi du mois, \u00e0 participer \u00e0 l&rsquo;animation folk de la T\u00e9t\u00eache ce vendredi.<\/strong><\/span><\/div>\n<div style=\"text-align: center\">&nbsp;<\/div>\n<div style=\"text-align: center\"><span style=\"font-size: 12pt\"><strong>&#8211; 19 heures 30 : atelier musical : nous y reprendrons les premi\u00e8res m\u00e9lodies s\u00e9lectionn\u00e9es afin de nous constituer un r\u00e9pertoire coh\u00e9rent.<\/strong><\/span><\/div>\n<div style=\"text-align: center\">&nbsp;<\/div>\n<div style=\"text-align: center\"><span style=\"font-size: 12pt\"><strong>&#8211; 20 heures 30 : bal folk. Le T\u00e9t\u00eache Band vous fera danser sur les morceaux d\u00e9j\u00e0 acquis.<\/strong><\/span><\/div>\n<div style=\"text-align: center\">&nbsp;<\/div>\n<div style=\"text-align: center\"><span style=\"font-size: 12pt\"><strong>Rappelons que tout musicien est le bienvenu dans le \u00ab\u00a0Band\u00a0\u00bb. Le niveau n&rsquo;a pas d&rsquo;importance, chacun jouant les m\u00e9lodies qu&rsquo;il ou elle ma\u00eetrise. Les partitions et fichiers audio sont disponibles sur simple demande.<\/strong><\/span><\/div>\n<div style=\"text-align: center\">&nbsp;<\/div>\n<div style=\"text-align: center\"><span style=\"font-size: 12pt\"><strong>La participation est enti\u00e8rement gratuite. Il y a juste un petit cochon \u00e0 l&rsquo;entr\u00e9e destin\u00e9 \u00e0 recevoir votre contribution libre. Et le bar est bien fourni en produits houblonn\u00e9es de Wallonie.<\/strong><\/span><\/div>\n<div style=\"text-align: center\">&nbsp;<\/div>\n<div style=\"text-align: center\"><span style=\"font-size: 12pt\"><strong>Je serai heureux de vous revoir ce vendredi.<\/strong><\/span><\/div>\n<div style=\"text-align: center\">&nbsp;<\/div>\n<div style=\"text-align: center\"><span style=\"font-size: 12pt\"><strong>Rappelons \u00e9galement que nous organisons, pour les musiciens, une r\u00e9p\u00e9tition suppl\u00e9mentaire une fois par mois. La date est choisie par la majorit\u00e9 des musiciens au moyen d&rsquo;un Doodle. Si vous \u00eates int\u00e9ress\u00e9 &#8230;<\/strong><\/span><\/div>\n<div style=\"text-align: center\">&nbsp;<\/div>\n<div style=\"text-align: center\"><span style=\"font-size: 12pt\"><strong>Jean-Pierre<\/strong><\/span><\/div>\n<div style=\"text-align: center\">&nbsp;<\/div>\n<div style=\"text-align: center\"><span style=\"font-size: 12pt\"><strong><a href=\"http:\/\/www.teteche-folk.be\">www.teteche-folk.be<\/a><\/strong><\/span><\/div>\n<div style=\"text-align: center\"><span style=\"font-size: 12pt\"><strong>081\/41.14.59 ou 0494\/76.09.28 (plus al\u00e9atoire vu le manque de r\u00e9seau sur les dessus de Rivi\u00e8re)<\/strong><\/span><\/div>\n<\/div>\n","protected":false},"excerpt":{"rendered":"<p>Chers amis, &nbsp; Je vous convie, comme chaque premier vendredi du mois, \u00e0 participer \u00e0 l&rsquo;animation folk de la T\u00e9t\u00eache ce vendredi. &nbsp; &#8211; 19 heures 30 : atelier musical : nous y reprendrons les premi\u00e8res m\u00e9lodies s\u00e9lectionn\u00e9es afin de nous constituer un r\u00e9pertoire coh\u00e9rent. &nbsp; &#8211; 20 heures 30 : bal folk. Le T\u00e9t\u00eache &hellip; <\/p>\n<p class=\"link-more\"><a href=\"http:\/\/sptja.com\/culture\/2017\/10\/09\/teteche-folk-animation-du-vendredi-13-octobre-2017\/\" class=\"more-link\">Continuer la lecture<span class=\"screen-reader-text\"> de &laquo;&nbsp;Teteche Folk Animation du vendredi 13 octobre 2017&nbsp;&raquo;<\/span><\/a><\/p>\n","protected":false},"author":3,"featured_media":0,"comment_status":"closed","ping_status":"open","sticky":false,"template":"","format":"standard","meta":[],"categories":[38,42,11,5,39,36,44,10],"tags":[],"_links":{"self":[{"href":"http:\/\/sptja.com\/culture\/wp-json\/wp\/v2\/posts\/131"}],"collection":[{"href":"http:\/\/sptja.com\/culture\/wp-json\/wp\/v2\/posts"}],"about":[{"href":"http:\/\/sptja.com\/culture\/wp-json\/wp\/v2\/types\/post"}],"author":[{"embeddable":true,"href":"http:\/\/sptja.com\/culture\/wp-json\/wp\/v2\/users\/3"}],"replies":[{"embeddable":true,"href":"http:\/\/sptja.com\/culture\/wp-json\/wp\/v2\/comments?post=131"}],"version-history":[{"count":0,"href":"http:\/\/sptja.com\/culture\/wp-json\/wp\/v2\/posts\/131\/revisions"}],"wp:attachment":[{"href":"http:\/\/sptja.com\/culture\/wp-json\/wp\/v2\/media?parent=131"}],"wp:term":[{"taxonomy":"category","embeddable":true,"href":"http:\/\/sptja.com\/culture\/wp-json\/wp\/v2\/categories?post=131"},{"taxonomy":"post_tag","embeddable":true,"href":"http:\/\/sptja.com\/culture\/wp-json\/wp\/v2\/tags?post=131"}],"curies":[{"name":"wp","href":"https:\/\/api.w.org\/{rel}","templated":true}]}}