{"id":130,"date":"2017-09-26T20:38:13","date_gmt":"2017-09-26T18:38:13","guid":{"rendered":"http:\/\/sptja.com\/culture\/2017\/09\/26\/parloirs-pour-artistes\/"},"modified":"2017-09-26T20:38:13","modified_gmt":"2017-09-26T18:38:13","slug":"parloirs-pour-artistes","status":"publish","type":"post","link":"http:\/\/sptja.com\/culture\/2017\/09\/26\/parloirs-pour-artistes\/","title":{"rendered":"Parloirs pour artistes"},"content":{"rendered":"<p style=\"text-align: center\"><span style=\"font-size: 28pt\"><strong><span style=\"font-family: 'Comic Sans MS'\">Parloirs pour artistes&nbsp;&nbsp; <\/span><\/strong><\/span><\/p>\n<p style=\"text-align: center\"><span style=\"font-size: 16pt\"><strong><span style=\"font-family: 'Comic Sans MS'\">Artistes, organisateurs, nous vous r\u00e9servons <\/span><\/strong><\/span><\/p>\n<p style=\"text-align: center\"><strong><span style=\"font-size: 16pt;font-family: 'Comic Sans MS'\">un <\/span><span style=\"font-size: 22pt;font-family: 'Comic Sans MS'\">espace de dialogue et de rencontre<\/span><span style=\"font-size: 16pt;font-family: 'Comic Sans MS'\"> !&nbsp;&nbsp;&nbsp;&nbsp;&nbsp;&nbsp;&nbsp;&nbsp;&nbsp;&nbsp;&nbsp;&nbsp;&nbsp;&nbsp;&nbsp;&nbsp;&nbsp;&nbsp;&nbsp;&nbsp;&nbsp;&nbsp;&nbsp;&nbsp;&nbsp;&nbsp;&nbsp;&nbsp;&nbsp;&nbsp;&nbsp;&nbsp;&nbsp;&nbsp;&nbsp;&nbsp;&nbsp;&nbsp;&nbsp;&nbsp;&nbsp;&nbsp;&nbsp;&nbsp;&nbsp;&nbsp;&nbsp;&nbsp;&nbsp;&nbsp;&nbsp;&nbsp;&nbsp;&nbsp;&nbsp;&nbsp;&nbsp;&nbsp;&nbsp;&nbsp;&nbsp;&nbsp;&nbsp;&nbsp;&nbsp;&nbsp;&nbsp;&nbsp;&nbsp;&nbsp;&nbsp;&nbsp;&nbsp;&nbsp;&nbsp;&nbsp;&nbsp;&nbsp;&nbsp; <\/span>&nbsp;&nbsp;&nbsp;&nbsp;&nbsp;&nbsp;&nbsp;&nbsp;&nbsp;&nbsp;&nbsp;&nbsp;&nbsp;&nbsp;&nbsp;&nbsp;&nbsp;&nbsp;&nbsp;&nbsp;&nbsp;&nbsp;&nbsp;&nbsp;&nbsp;&nbsp;&nbsp;&nbsp;&nbsp;&nbsp;&nbsp;&nbsp;&nbsp;&nbsp;&nbsp;&nbsp;&nbsp;&nbsp;&nbsp;&nbsp;&nbsp;&nbsp;&nbsp;&nbsp;&nbsp;<span style=\"font-size: 36pt;color: #365f91\">o\u00f9&nbsp;?&nbsp;&nbsp;&nbsp;&nbsp;&nbsp;&nbsp;&nbsp;&nbsp;&nbsp;&nbsp; <\/span>&nbsp;<\/strong><\/p>\n<p style=\"text-align: center\"><span style=\"font-size: 18pt\"><strong>&nbsp;<\/strong><\/span><\/p>\n<p style=\"text-align: center\"><span style=\"font-size: 14pt\"><strong>La galerie d\u2019Art\u2019bre, \u00e0 Arbre (Profondeville), vous donne l\u2019occasion de vous rencontrer, d\u2019\u00e9changer id\u00e9es et projets, de vous pr\u00e9senter et, pour les organisateurs, de puiser dans les donn\u00e9es laiss\u00e9es via les coordonn\u00e9es d\u2019artistes.<\/strong><\/span><\/p>\n<p style=\"text-align: center\"><span style=\"font-size: 14pt\"><strong>Les parloirs pour artistes seront ouverts durant les expositions, de 10h \u00e0 18h, les samedis et dimanches, dans un local exclusivement r\u00e9serv\u00e9 \u00e0 ces \u00e9changes. <\/strong><\/span><\/p>\n<p style=\"text-align: center\"><span style=\"font-size: 14pt\"><strong>Prochain rendez-vous, le samedi 28 et le dimanche 29 \/10 et les 04 et 05\/11 2017. L\u2019exposition en cours \u00ab&nbsp;Un autre regard&nbsp;\u00bb vous accueillera avec beaucoup d\u2019humour et de fantaisie.<\/strong><\/span><\/p>\n<p style=\"text-align: center\"><span style=\"font-size: 14pt\"><strong>Suite \u00e0 l\u2019exposition sur le chawan et les calligraphies Japonaises, vous \u00eates nombreux \u00e0 avoir demand\u00e9 un atelier de calligraphie par Satoru Toma, si certains sont encore int\u00e9ress\u00e9s, vous pouvez envoyer un mail \u00e0 la galerie. &nbsp;<a href=\"mailto:galerie.art.bre@gmail.com\">galerie.art.bre@gmail.com<\/a><\/strong><\/span><\/p>\n<p style=\"text-align: center\"><span style=\"font-size: 14pt\"><strong>Il reste 1 place pour le 12\/11 et 2 places pour le 19\/11 2017.<\/strong><\/span><\/p>\n<p style=\"text-align: center\"><span style=\"font-size: 14pt\"><strong>Expo 2017<\/strong><\/span><\/p>\n<p style=\"text-align: center\"><span style=\"font-size: 14pt\"><strong><span style=\"font-family: 'Comic Sans MS'\">Un autre regard<\/span><\/strong><\/span><\/p>\n<p style=\"text-align: center\"><span style=\"font-size: 14pt\"><strong><span style=\"font-family: 'Comic Sans MS'\">&nbsp;&nbsp;&nbsp; <\/span>Bienvenue les 28-29 octobre et 04-05 novembre de 10h \u00e0 18h30.&nbsp; Vernissage le samedi 28 de 11h \u00e0 14h.<\/strong><\/span><\/p>\n<p style=\"text-align: center\"><strong><span style=\"font-size: 14pt;font-family: 'Comic Sans MS'\">Exposition de No\u00ebl<\/span><span style=\"font-size: 20pt\"><span style=\"font-size: 14pt\">&nbsp;<\/span>&nbsp;&nbsp;&nbsp;&nbsp;&nbsp;&nbsp;&nbsp; <\/span><\/strong><\/p>\n<p style=\"text-align: center\"><strong><span style=\"font-size: 16pt\">&nbsp; &nbsp;&nbsp;&nbsp;&nbsp;&nbsp;<\/span><span style=\"font-size: 16pt;font-family: 'Comic Sans MS'\">Sur le th\u00e8me de la famille<\/span><\/strong><\/p>\n<p style=\"text-align: center\"><strong><span style=\"font-size: 16pt\">&nbsp;&nbsp;&nbsp;&nbsp;&nbsp;&nbsp; <\/span><span style=\"font-size: 18pt;font-family: 'Comic Sans MS';color: #365f91\">La bo\u00eete \u00e0 r\u00eave<\/span><\/strong><\/p>\n<p style=\"text-align: center\"><strong><span style=\"font-size: 18pt;font-family: 'Comic Sans MS';color: #365f91\">&nbsp;&nbsp;&nbsp; <\/span><span style=\"font-size: 16pt;font-family: 'Comic Sans MS'\">les 09-10 et 16-17 d\u00e9cembre de 10h \u00e0 18h30<\/span><\/strong><\/p>\n<p style=\"text-align: center\"><strong><span style=\"font-family: 'Comic Sans MS'\">En collaboration avec la commune de Profondeville et l\u2019A.S.B.L. Arbre, Avenir et Qualit\u00e9<\/span><\/strong><\/p>\n<p style=\"text-align: center\"><strong>&nbsp;<\/strong><\/p>\n<p style=\"text-align: center\"><strong><span style=\"font-family: 'Comic Sans MS'\">&nbsp;&nbsp;&nbsp;&nbsp;&nbsp;&nbsp;&nbsp;&nbsp;&nbsp;&nbsp;&nbsp;&nbsp;&nbsp;&nbsp;&nbsp;&nbsp;&nbsp;&nbsp;&nbsp;&nbsp;&nbsp;&nbsp;&nbsp;&nbsp;&nbsp;&nbsp;&nbsp;&nbsp;&nbsp;&nbsp;&nbsp;&nbsp;&nbsp;&nbsp;&nbsp;&nbsp;&nbsp;&nbsp;&nbsp;&nbsp;&nbsp;&nbsp;&nbsp;&nbsp;&nbsp;&nbsp;&nbsp;&nbsp;&nbsp;&nbsp;&nbsp;&nbsp;&nbsp;&nbsp;&nbsp;&nbsp;&nbsp;&nbsp;&nbsp;&nbsp;&nbsp;&nbsp;&nbsp;&nbsp;&nbsp;&nbsp;&nbsp;&nbsp;&nbsp;&nbsp;&nbsp;&nbsp;&nbsp;&nbsp;&nbsp;&nbsp;&nbsp;&nbsp;&nbsp;&nbsp;&nbsp; &nbsp;&nbsp;&nbsp;&nbsp;&nbsp;&nbsp;&nbsp;&nbsp;&nbsp;3, rue du Village 5170 Arbre<\/span><\/strong><\/p>\n<p style=\"text-align: center\"><img decoding=\"async\" id=\"media-12310190\" style=\"margin: 0.7em 0\" title=\"\" src=\"http:\/\/sptja.com\/media\/221423\/275269963.jpg\" alt=\"un autre regard 1.jpg\" \/><\/p>\n<p style=\"text-align: center\"><img decoding=\"async\" id=\"media-12310191\" style=\"margin: 0.7em 0\" title=\"\" src=\"http:\/\/sptja.com\/media\/221423\/1472738203.jpg\" alt=\"un autre regard 2.jpg\" \/><\/p>\n","protected":false},"excerpt":{"rendered":"<p>Parloirs pour artistes&nbsp;&nbsp; Artistes, organisateurs, nous vous r\u00e9servons un espace de dialogue et de rencontre !&nbsp;&nbsp;&nbsp;&nbsp;&nbsp;&nbsp;&nbsp;&nbsp;&nbsp;&nbsp;&nbsp;&nbsp;&nbsp;&nbsp;&nbsp;&nbsp;&nbsp;&nbsp;&nbsp;&nbsp;&nbsp;&nbsp;&nbsp;&nbsp;&nbsp;&nbsp;&nbsp;&nbsp;&nbsp;&nbsp;&nbsp;&nbsp;&nbsp;&nbsp;&nbsp;&nbsp;&nbsp;&nbsp;&nbsp;&nbsp;&nbsp;&nbsp;&nbsp;&nbsp;&nbsp;&nbsp;&nbsp;&nbsp;&nbsp;&nbsp;&nbsp;&nbsp;&nbsp;&nbsp;&nbsp;&nbsp;&nbsp;&nbsp;&nbsp;&nbsp;&nbsp;&nbsp;&nbsp;&nbsp;&nbsp;&nbsp;&nbsp;&nbsp;&nbsp;&nbsp;&nbsp;&nbsp;&nbsp;&nbsp;&nbsp;&nbsp;&nbsp;&nbsp;&nbsp; &nbsp;&nbsp;&nbsp;&nbsp;&nbsp;&nbsp;&nbsp;&nbsp;&nbsp;&nbsp;&nbsp;&nbsp;&nbsp;&nbsp;&nbsp;&nbsp;&nbsp;&nbsp;&nbsp;&nbsp;&nbsp;&nbsp;&nbsp;&nbsp;&nbsp;&nbsp;&nbsp;&nbsp;&nbsp;&nbsp;&nbsp;&nbsp;&nbsp;&nbsp;&nbsp;&nbsp;&nbsp;&nbsp;&nbsp;&nbsp;&nbsp;&nbsp;&nbsp;&nbsp;&nbsp;o\u00f9&nbsp;?&nbsp;&nbsp;&nbsp;&nbsp;&nbsp;&nbsp;&nbsp;&nbsp;&nbsp;&nbsp; &nbsp; &nbsp; La galerie d\u2019Art\u2019bre, \u00e0 Arbre (Profondeville), vous donne l\u2019occasion de vous rencontrer, d\u2019\u00e9changer id\u00e9es et projets, de vous pr\u00e9senter et, pour les organisateurs, de puiser dans les donn\u00e9es laiss\u00e9es via les coordonn\u00e9es d\u2019artistes. Les parloirs pour &hellip; <\/p>\n<p class=\"link-more\"><a href=\"http:\/\/sptja.com\/culture\/2017\/09\/26\/parloirs-pour-artistes\/\" class=\"more-link\">Continuer la lecture<span class=\"screen-reader-text\"> de &laquo;&nbsp;Parloirs pour artistes&nbsp;&raquo;<\/span><\/a><\/p>\n","protected":false},"author":3,"featured_media":0,"comment_status":"closed","ping_status":"open","sticky":false,"template":"","format":"standard","meta":[],"categories":[31,23,38,24,41,21,12,46,35,27,51,49,48,52,14,19,56,13,20,25,40,55,16,47,3,42,22,50,4,45,2,11,34,30,5,43,32,28,54,15,17,26,29,8,33,39,6,53,36,7,37,18,9,10],"tags":[],"_links":{"self":[{"href":"http:\/\/sptja.com\/culture\/wp-json\/wp\/v2\/posts\/130"}],"collection":[{"href":"http:\/\/sptja.com\/culture\/wp-json\/wp\/v2\/posts"}],"about":[{"href":"http:\/\/sptja.com\/culture\/wp-json\/wp\/v2\/types\/post"}],"author":[{"embeddable":true,"href":"http:\/\/sptja.com\/culture\/wp-json\/wp\/v2\/users\/3"}],"replies":[{"embeddable":true,"href":"http:\/\/sptja.com\/culture\/wp-json\/wp\/v2\/comments?post=130"}],"version-history":[{"count":0,"href":"http:\/\/sptja.com\/culture\/wp-json\/wp\/v2\/posts\/130\/revisions"}],"wp:attachment":[{"href":"http:\/\/sptja.com\/culture\/wp-json\/wp\/v2\/media?parent=130"}],"wp:term":[{"taxonomy":"category","embeddable":true,"href":"http:\/\/sptja.com\/culture\/wp-json\/wp\/v2\/categories?post=130"},{"taxonomy":"post_tag","embeddable":true,"href":"http:\/\/sptja.com\/culture\/wp-json\/wp\/v2\/tags?post=130"}],"curies":[{"name":"wp","href":"https:\/\/api.w.org\/{rel}","templated":true}]}}