{"id":126,"date":"2017-08-30T21:45:11","date_gmt":"2017-08-30T19:45:11","guid":{"rendered":"http:\/\/sptja.com\/culture\/2017\/08\/30\/teteche-folk-le-8-septembre-2017\/"},"modified":"2017-08-30T21:45:11","modified_gmt":"2017-08-30T19:45:11","slug":"teteche-folk-le-8-septembre-2017","status":"publish","type":"post","link":"http:\/\/sptja.com\/culture\/2017\/08\/30\/teteche-folk-le-8-septembre-2017\/","title":{"rendered":"T\u00e9t\u00eache Folk &#8211; le 8 septembre 2017"},"content":{"rendered":"<p style=\"text-align: center\"><span style=\"font-size: 12pt\"><strong>Chers amis de T\u00e9t\u00eache Folk,<\/strong><\/span><\/p>\n<p style=\"text-align: center\"><span style=\"font-size: 12pt\"><strong>Le vendredi 8 septembre, nous reprendrons nos activit\u00e9s folk \u00e0 la T\u00e9t\u00eache \u00e0 Rivi\u00e8re. Comme nous l\u2019avons d\u00e9cid\u00e9 lors de notre derni\u00e8re r\u00e9union, nous allons all\u00e9ger notre programme d\u2019apprentissage des danses pour privil\u00e9gier la danse dans toute sa spontan\u00e9it\u00e9. Les musiciens vont donc vous pr\u00e9parer un programme de bal qu\u2019ils joueront \u00e0 partir de 20 heures 30. Si des explications s\u2019av\u00e8rent n\u00e9cessaire, Michel se fera un plaisir de vous administrer une piq\u00fbre de rappel&nbsp;!<\/strong><\/span><\/p>\n<p style=\"text-align: center\"><span style=\"font-size: 12pt\"><strong>Venez donc nombreux \u00e0 cette premi\u00e8re de la saison, que vous soyez danseur, musicien (ceux-ci sont attendus d\u00e8s 19 heures 30), amateurs de musique \u2026 Tout le monde est le bienvenu, m\u00eame pour s\u2019assoir \u00e0 une table pour y discuter autour d\u2019une bonne bi\u00e8re belge.<\/strong><\/span><\/p>\n<p style=\"text-align: center\"><span style=\"font-size: 12pt\"><strong>Rappelons que cette activit\u00e9 est gratuite. Seul un cochon recevra votre don qui nous permettra de faire face aux frais li\u00e9s \u00e0 cette animation.<\/strong><\/span><\/p>\n<p style=\"text-align: center\"><span style=\"font-size: 12pt\"><strong>Nous esp\u00e9rons vous revoir en grand nombre le vendredi 8 juin.<\/strong><\/span><\/p>\n<p style=\"text-align: center\"><span style=\"font-size: 12pt\"><strong>Jean-Pierre<\/strong><\/span><\/p>\n","protected":false},"excerpt":{"rendered":"<p>Chers amis de T\u00e9t\u00eache Folk, Le vendredi 8 septembre, nous reprendrons nos activit\u00e9s folk \u00e0 la T\u00e9t\u00eache \u00e0 Rivi\u00e8re. Comme nous l\u2019avons d\u00e9cid\u00e9 lors de notre derni\u00e8re r\u00e9union, nous allons all\u00e9ger notre programme d\u2019apprentissage des danses pour privil\u00e9gier la danse dans toute sa spontan\u00e9it\u00e9. Les musiciens vont donc vous pr\u00e9parer un programme de bal qu\u2019ils &hellip; <\/p>\n<p class=\"link-more\"><a href=\"http:\/\/sptja.com\/culture\/2017\/08\/30\/teteche-folk-le-8-septembre-2017\/\" class=\"more-link\">Continuer la lecture<span class=\"screen-reader-text\"> de &laquo;&nbsp;T\u00e9t\u00eache Folk &#8211; le 8 septembre 2017&nbsp;&raquo;<\/span><\/a><\/p>\n","protected":false},"author":3,"featured_media":0,"comment_status":"closed","ping_status":"open","sticky":false,"template":"","format":"standard","meta":[],"categories":[38,48,13,42,11,5,33,39,44,10],"tags":[],"_links":{"self":[{"href":"http:\/\/sptja.com\/culture\/wp-json\/wp\/v2\/posts\/126"}],"collection":[{"href":"http:\/\/sptja.com\/culture\/wp-json\/wp\/v2\/posts"}],"about":[{"href":"http:\/\/sptja.com\/culture\/wp-json\/wp\/v2\/types\/post"}],"author":[{"embeddable":true,"href":"http:\/\/sptja.com\/culture\/wp-json\/wp\/v2\/users\/3"}],"replies":[{"embeddable":true,"href":"http:\/\/sptja.com\/culture\/wp-json\/wp\/v2\/comments?post=126"}],"version-history":[{"count":0,"href":"http:\/\/sptja.com\/culture\/wp-json\/wp\/v2\/posts\/126\/revisions"}],"wp:attachment":[{"href":"http:\/\/sptja.com\/culture\/wp-json\/wp\/v2\/media?parent=126"}],"wp:term":[{"taxonomy":"category","embeddable":true,"href":"http:\/\/sptja.com\/culture\/wp-json\/wp\/v2\/categories?post=126"},{"taxonomy":"post_tag","embeddable":true,"href":"http:\/\/sptja.com\/culture\/wp-json\/wp\/v2\/tags?post=126"}],"curies":[{"name":"wp","href":"https:\/\/api.w.org\/{rel}","templated":true}]}}