{"id":125,"date":"2017-08-24T21:35:54","date_gmt":"2017-08-24T19:35:54","guid":{"rendered":"http:\/\/sptja.com\/culture\/2017\/08\/24\/ateliers-decriture-programme-saison-17-18\/"},"modified":"2017-08-24T21:35:54","modified_gmt":"2017-08-24T19:35:54","slug":"ateliers-decriture-programme-saison-17-18","status":"publish","type":"post","link":"http:\/\/sptja.com\/culture\/2017\/08\/24\/ateliers-decriture-programme-saison-17-18\/","title":{"rendered":"Ateliers d&rsquo;\u00e9criture : programme &#8211; saison 17\/18"},"content":{"rendered":"<p style=\"text-align: center\" align=\"center\"><span style=\"font-size: 14pt\"><strong><span style=\"color: #ff6600;font-family: Calibri\">SAISON 2017-2018<\/span><\/strong><\/span><\/p>\n<p style=\"text-align: center\" align=\"center\"><span style=\"font-size: 14pt\"><strong><span style=\"color: #ff6600;font-family: Calibri\">Ateliers d\u2019\u00e9criture cr\u00e9ative<\/span><\/strong><\/span><\/p>\n<p style=\"text-align: center\" align=\"center\"><span style=\"font-size: 14pt\"><strong><span style=\"color: green;font-family: Calibri\">CHEZ MOI, \u00e0 LUSTIN<\/span><\/strong><\/span><\/p>\n<p style=\"text-align: center\" align=\"center\"><span style=\"font-size: 14pt\"><strong><span style=\"font-family: Calibri\">rue St L\u00e9ger 39 \u2013 5170 Lustin (acc\u00e8s en train possible \u2013Ligne Bxl-Namur-Dinant)<\/span><\/strong><\/span><\/p>\n<p style=\"text-align: center\" align=\"center\"><span style=\"font-size: 14pt\"><strong><span style=\"color: purple;font-family: Calibri\">La fi\u00e8vre du JEUDI SOIR<\/span><\/strong><\/span><\/p>\n<p style=\"text-align: center\"><span style=\"font-size: 14pt\"><strong><span style=\"color: purple;font-family: Calibri\">UN JEUDI PAR MOIS<\/span><\/strong><\/span><\/p>\n<p style=\"text-align: center\"><span style=\"font-size: 14pt\"><strong><span style=\"color: purple;font-family: Calibri\">19h30-22h<\/span><\/strong><\/span><\/p>\n<p style=\"text-align: center\"><span style=\"font-size: 14pt\"><strong><span style=\"font-family: Calibri\">60 \u20ac le trimestre \u2013 acompte de 15 \u20ac<\/span><\/strong><\/span><\/p>\n<p style=\"text-align: center\"><span style=\"font-size: 14pt\"><strong><span style=\"font-family: Calibri\">25\u20ac la soir\u00e9e \u2013 acompte de 5 \u20ac<\/span><\/strong><\/span><\/p>\n<p style=\"text-align: center\"><span style=\"font-size: 14pt\"><strong><span style=\"color: purple;font-family: Calibri\">On se mettra \u00e0 table\u2026<\/span><\/strong><\/span><\/p>\n<p style=\"text-align: center\"><span style=\"font-size: 14pt\"><strong><span style=\"color: purple;font-family: Calibri\">Autour d\u2019un plat qui mijote&nbsp;:<\/span><\/strong> <span style=\"font-family: Calibri\">Aller vers plus autonomie en fonction de votre parcours et de vos envies. Avec le soutien du groupe et de l\u2019animatrice, tenter un projet mosa\u00efque sur le trimestre ou la saison. <\/span><\/span><\/p>\n<p style=\"text-align: center\"><span style=\"font-size: 14pt\"><strong><span style=\"color: purple;font-family: Calibri\">OU<\/span><\/strong><\/span><\/p>\n<p style=\"text-align: center\"><span style=\"font-size: 14pt\"><strong><span style=\"color: purple;font-family: Calibri\">Autour d\u2019un plat minute&nbsp;:<\/span><\/strong> <span style=\"font-family: Calibri\">Opter pour la consigne de la soir\u00e9e &#8211; OUVERT aux d\u00e9butants d\u00e8s 16 ans<\/span><\/span><\/p>\n<p style=\"text-align: center\"><span style=\"font-size: 14pt\"><strong><span style=\"font-family: Calibri\">Les jeudis 26\/10, 23\/11, 21\/12 \u2013 2017<\/span><\/strong><\/span><\/p>\n<p style=\"text-align: center\"><span style=\"font-size: 14pt\"><strong><span style=\"font-family: Calibri\">Les jeudis 25\/01, 22\/02, 22\/03 \u2013 2018<\/span><\/strong><\/span><\/p>\n<p style=\"text-align: center\"><span style=\"font-size: 14pt\"><strong><span style=\"font-family: Calibri\">Les jeudis 26\/04, 24\/05, 21\/06 \u2013 2018 <br \/><\/span><\/strong><\/span><\/p>\n<p style=\"text-align: center\"><span style=\"font-size: 14pt\"><strong><span style=\"color: red;font-family: Calibri\">N.B. Le jeudi 28\/09&nbsp;de <u>20h \u00e0 21h30<\/u>&nbsp;:<\/span><\/strong><\/span><\/p>\n<p style=\"text-align: center\"><span style=\"font-size: 14pt\"><strong><span style=\"font-family: Calibri\">Pour ceux qui le souhaitent&nbsp;: rencontre, partage autour du travail mosa\u00efque avant de lancer votre projet. <\/span><\/strong><\/span><\/p>\n<p style=\"text-align: center\" align=\"center\"><span style=\"font-size: 14pt\"><strong><span style=\"color: purple;font-family: Calibri\">UN DIMANCHE pour \u00e9crire une nouvelle<\/span><\/strong><\/span><\/p>\n<p style=\"text-align: center\"><span style=\"font-size: 14pt\"><strong><span style=\"color: purple;font-family: Calibri\">5 dimanches pour&nbsp; 5 nouvelles<\/span><\/strong><\/span><\/p>\n<p style=\"text-align: center\"><span style=\"font-size: 14pt\"><strong><span style=\"color: purple;font-family: Calibri\">10h \u2013 17h30<\/span><\/strong><\/span><\/p>\n<p style=\"text-align: center\"><span style=\"font-size: 14pt\"><strong><span style=\"font-family: Calibri\">200 \u20ac pour les 5 journ\u00e9es de la saison \u2013 acompte de 50 \u20ac<\/span><\/strong><\/span><\/p>\n<p style=\"text-align: center\"><span style=\"font-size: 14pt\"><strong><span style=\"font-family: Calibri\">50\u20ac la journ\u00e9e \u2013 acompte de 10 \u20ac<\/span><\/strong><\/span><\/p>\n<p style=\"text-align: center\"><span style=\"font-size: 14pt\"><span style=\"font-family: Calibri\">\u00c9crire<\/span><span style=\"font-family: Calibri\"> une nouvelle par dimanche \u00e0 partir des stimuli propos\u00e9s par l\u2019animatrice et le groupe. En option, relever le d\u00e9fi de se concentrer sur un outil de la fiction, diff\u00e9rent \u00e0 chaque fois (style, narrateur, construction, dialogue, microcosme\u2026) en prenant le risque de sortir des sentiers battus.<\/span><\/span><\/p>\n<p style=\"text-align: center\"><span style=\"font-family: Calibri;font-size: 14pt\"><strong>Le dernier dimanche&nbsp;: Auberge espagnole et fiesta&nbsp;autour de lectures suivies de propositions sur la cuisine et la nourriture.<\/strong> <\/span><\/p>\n<p style=\"text-align: center\"><span style=\"font-size: 14pt\"><strong><span style=\"font-family: Calibri\">Ouvert<\/span><\/strong><span style=\"font-family: Calibri\"> aux personnes ayant une certaine pratique de l\u2019\u00e9criture de textes courts de fiction.<\/span><\/span><\/p>\n<p style=\"text-align: center\"><span style=\"font-size: 14pt\"><strong><span style=\"font-family: Calibri\">Les dimanches 22\/10, 26\/11 \u2013 2017<\/span><\/strong><\/span><\/p>\n<p style=\"text-align: center\"><span style=\"font-size: 14pt\"><strong><span style=\"font-family: Calibri\">Les dimanches 25\/02, 25\/03, 29\/04 \u2013 2018<\/span><\/strong><\/span><\/p>\n<p style=\"text-align: center\" align=\"center\"><span style=\"font-size: 14pt\"><strong><span style=\"color: purple;font-family: Calibri\">Un WEEK END autour d\u2019un \u00e9crivain belge<\/span><\/strong><\/span><\/p>\n<p style=\"text-align: center\" align=\"center\"><span style=\"font-size: 14pt\"><strong><span style=\"color: purple;font-family: Calibri\">\u00ab&nbsp;Je n&rsquo;\u00e9cris pas&nbsp;: il pleuvait \u00e0 verse, j&rsquo;\u00e9cris&nbsp;: Maigret \u00e9tait tremp\u00e9.&nbsp;\u00bb<\/span><\/strong><strong><span style=\"color: purple;font-family: Calibri\">&nbsp; <\/span><\/strong><\/span><\/p>\n<p style=\"text-align: center\"><span style=\"font-size: 14pt\"><strong><span style=\"font-family: Calibri\">Les samedi 10 et dimanche 11 mars<\/span><\/strong><\/span><\/p>\n<p style=\"text-align: center\"><span style=\"font-size: 14pt\"><strong><span style=\"font-family: Calibri\">10h \u00e0 17h30<\/span><\/strong><\/span><\/p>\n<p style=\"text-align: center\"><span style=\"font-size: 14pt\"><strong><span style=\"font-family: Calibri\">90 \u20ac pour le W. E. \u2013 acompte de 20 \u20ac<\/span><\/strong><\/span><\/p>\n<p style=\"text-align: center\"><span style=\"font-family: Calibri;font-size: 14pt\">Nous irons trinquer place Dauphine et mangerons les viandes froides de Madame Maigret. N\u00e9anmoins, il ne s\u2019agira pas d\u2019un week end en t\u00eate \u00e0 t\u00eate avec le c\u00e9l\u00e8bre inspecteur. Il sera question de pluie, neige ou brouillard, sans doute, et d\u2019atmosph\u00e8re, s\u00fbrement. Mais surtout, il s\u2019agira de convoquer des personnages. Port\u00e9s par l\u2019\u00e9criture de Georges SIMENON, nous tenterons de les cerner et de les r\u00e9v\u00e9ler avec justesse. <\/span><\/p>\n<p style=\"text-align: center\"><span style=\"font-size: 14pt\"><strong><span style=\"font-family: Calibri\">Ouvert <\/span><\/strong><span style=\"font-family: Calibri\">aux personnes ayant une certaine pratique de l\u2019\u00e9criture de textes courts de fiction<strong>.<\/strong><\/span><\/span><\/p>\n<p style=\"text-align: center\" align=\"center\"><span style=\"font-size: 14pt\"><strong><span style=\"color: green;font-family: Calibri\">\u00c0 la librairie PAPYRUS<\/span><\/strong><\/span><\/p>\n<p style=\"text-align: center\" align=\"center\"><span style=\"font-size: 14pt\"><strong><span style=\"font-family: Calibri\">Papyrus, rue Bas de la Place, 16, \u2013 5000 Namur<\/span><\/strong><\/span><\/p>\n<p style=\"text-align: center\" align=\"center\"><span style=\"font-size: 14pt\"><strong><span style=\"color: purple;font-family: Calibri\">Me contacter pour vous inscrire<\/span><\/strong><\/span><\/p>\n<p style=\"text-align: center\"><span style=\"font-family: Calibri;font-size: 14pt\">Cliquez pour voir le programme&nbsp;: <\/span><\/p>\n<p style=\"text-align: center\"><span style=\"font-family: Calibri;font-size: 14pt\"><a href=\"http:\/\/www.librairiepapyrus.be\/index.php\/animations\/205-a-lexterieur\/819-23-septembre-2017-des-livres-pour-nourrir-notre-ecriture-avec-jacqueline-daussain\">http:\/\/www.librairiepapyrus.be\/index.php\/animations\/205-a-lexterieur\/819-23-septembre-2017-des-livres-pour-nourrir-notre-ecriture-avec-jacqueline-daussain<\/a><\/span><\/p>\n<p style=\"text-align: center\"><span style=\"font-family: Calibri;font-size: 14pt\">Je vous recommande vivement d\u2019inscrire votre adresse \u00e9lectronique sur le site de la librairie Papyrus afin de recevoir leur newsletter qui vous informera de leurs nombreuses activit\u00e9s et ateliers.<\/span><\/p>\n<p style=\"text-align: center\" align=\"center\"><span style=\"font-size: 14pt\"><strong><span style=\"color: green;font-family: Calibri\">\u00c0 la biblio TATOULU \u00e0 Lustin<\/span><\/strong><\/span><\/p>\n<p style=\"text-align: center\" align=\"center\"><span style=\"font-size: 14pt\"><strong><span style=\"font-family: Calibri\">Tatoulu, biblio Lustin, rue St L\u00e9ger 35 (entr\u00e9e par la rue P\u00e9pin, cour r\u00e9cr\u00e9)<\/span><\/strong><\/span><\/p>\n<p style=\"text-align: center\" align=\"center\"><span style=\"font-size: 14pt\"><strong><span style=\"color: purple;font-family: Calibri\">Me contacter pour vous inscrire<\/span><\/strong><\/span><\/p>\n<p style=\"text-align: center\"><span style=\"font-size: 14pt\"><strong><span style=\"font-family: Calibri\">En janvier, f\u00e9vrier, mars&nbsp;: ateliers d\u00e9couverte pour adultes et ados \u00e0 partir de 14 ans. <br \/><\/span><\/strong><\/span><\/p>\n<p style=\"text-align: center\" align=\"center\"><span style=\"font-size: 14pt\"><strong><span style=\"color: red;font-family: Calibri\">Infos et inscriptions&nbsp;:<\/span><\/strong><\/span><\/p>\n<p style=\"text-align: center\" align=\"center\"><span style=\"font-size: 14pt\"><strong><span style=\"font-family: Calibri\"><a href=\"mailto:jacquelinedaussain@hotmail.com\"><span style=\"color: windowtext\">jacquelinedaussain@hotmail.com<\/span><\/a><\/span><\/strong><\/span><\/p>\n<p style=\"text-align: center\" align=\"center\"><span style=\"font-size: 14pt\"><strong><span style=\"font-family: Calibri\">0474 33 88 65<\/span><\/strong><\/span><\/p>\n<p style=\"text-align: center\" align=\"center\"><span style=\"font-size: 14pt\"><strong><span style=\"font-family: Calibri\">Acompte \u00e0 l\u2019inscription&nbsp; <\/span><\/strong><\/span><\/p>\n<p style=\"text-align: center\" align=\"center\"><span style=\"font-size: 14pt\"><strong><span style=\"font-family: Calibri\">Compte bancaire&nbsp;: BE 45 0682 4950 9689<\/span><\/strong><\/span><\/p>\n<p style=\"font-size: 12pt;color: #000000;font-family: Tahoma,Geneva,sans-serif,EmojiFont,'Apple Color Emoji','Segoe UI Emoji',NotoColorEmoji,'Segoe UI Symbol','Android Emoji',EmojiSymbols;text-align: center\"><span style=\"font-size: 14pt\"><strong><em><span style=\"color: #4ba524\">Jacqueline Daussain<\/span><br \/><span style=\"color: #4ba524\">rue St L\u00e9ger 39<\/span><br \/><span style=\"color: #4ba524\">5170 Lustin<\/span><br \/><\/em><span style=\"color: #4ba524\"><em>0474\/33 88 65<\/em><\/span><\/strong><br \/><span style=\"color: #ac193d\"><a href=\"http:\/\/jacquelinedaussain.wordpress.com\/\">http:\/\/jacquelinedaussain.wordpress.com\/<\/a><br \/><\/span><strong><span style=\"color: #5133ab\"><br \/><\/span><\/strong><\/span><\/p>\n<p>&nbsp;<\/p>\n","protected":false},"excerpt":{"rendered":"<p>SAISON 2017-2018 Ateliers d\u2019\u00e9criture cr\u00e9ative CHEZ MOI, \u00e0 LUSTIN rue St L\u00e9ger 39 \u2013 5170 Lustin (acc\u00e8s en train possible \u2013Ligne Bxl-Namur-Dinant) La fi\u00e8vre du JEUDI SOIR UN JEUDI PAR MOIS 19h30-22h 60 \u20ac le trimestre \u2013 acompte de 15 \u20ac 25\u20ac la soir\u00e9e \u2013 acompte de 5 \u20ac On se mettra \u00e0 table\u2026 Autour &hellip; <\/p>\n<p class=\"link-more\"><a href=\"http:\/\/sptja.com\/culture\/2017\/08\/24\/ateliers-decriture-programme-saison-17-18\/\" class=\"more-link\">Continuer la lecture<span class=\"screen-reader-text\"> de &laquo;&nbsp;Ateliers d&rsquo;\u00e9criture : programme &#8211; saison 17\/18&nbsp;&raquo;<\/span><\/a><\/p>\n","protected":false},"author":3,"featured_media":0,"comment_status":"closed","ping_status":"open","sticky":false,"template":"","format":"standard","meta":[],"categories":[41,21,52,14,13,25,40,47,22,4,2,11,29,33,39,10],"tags":[],"_links":{"self":[{"href":"http:\/\/sptja.com\/culture\/wp-json\/wp\/v2\/posts\/125"}],"collection":[{"href":"http:\/\/sptja.com\/culture\/wp-json\/wp\/v2\/posts"}],"about":[{"href":"http:\/\/sptja.com\/culture\/wp-json\/wp\/v2\/types\/post"}],"author":[{"embeddable":true,"href":"http:\/\/sptja.com\/culture\/wp-json\/wp\/v2\/users\/3"}],"replies":[{"embeddable":true,"href":"http:\/\/sptja.com\/culture\/wp-json\/wp\/v2\/comments?post=125"}],"version-history":[{"count":0,"href":"http:\/\/sptja.com\/culture\/wp-json\/wp\/v2\/posts\/125\/revisions"}],"wp:attachment":[{"href":"http:\/\/sptja.com\/culture\/wp-json\/wp\/v2\/media?parent=125"}],"wp:term":[{"taxonomy":"category","embeddable":true,"href":"http:\/\/sptja.com\/culture\/wp-json\/wp\/v2\/categories?post=125"},{"taxonomy":"post_tag","embeddable":true,"href":"http:\/\/sptja.com\/culture\/wp-json\/wp\/v2\/tags?post=125"}],"curies":[{"name":"wp","href":"https:\/\/api.w.org\/{rel}","templated":true}]}}