{"id":116,"date":"2017-05-09T23:04:13","date_gmt":"2017-05-09T21:04:13","guid":{"rendered":"http:\/\/sptja.com\/culture\/2017\/05\/09\/soiree-litteraire-a-bois-de-villers\/"},"modified":"2017-05-09T23:04:13","modified_gmt":"2017-05-09T21:04:13","slug":"soiree-litteraire-a-bois-de-villers","status":"publish","type":"post","link":"http:\/\/sptja.com\/culture\/2017\/05\/09\/soiree-litteraire-a-bois-de-villers\/","title":{"rendered":"Soir\u00e9e litt\u00e9raire \u00e0 Bois-de-Villers"},"content":{"rendered":"<p style=\"font-size: 12pt;font-family: Cambria;text-align: center\"><strong><span style=\"font-size: 14pt\">Bonjour \u00e0 vous toutes et tous,<\/span><\/strong><\/p>\n<p style=\"font-size: 12pt;font-family: Cambria;text-align: center\"><strong><span style=\"font-size: 14pt\">J&rsquo;ai le plaisir de vous inviter \u00e0 la soir\u00e9e litt\u00e9raire durant laquelle je pr\u00e9senterai mon roman \u00ab les p\u00e9tales de Ludwig&nbsp;\u00bb dans mon village, Bois-de-Villers. Un extrait du roman sera lu par <u>Isabelle Demaret K\u00f6hler<\/u>, animatrice de la biblioth\u00e8que d\u2019Yvoir et responsable de la biblioth\u00e8que Tatoulu. Cette lecture se fera sur fond musical. Ensuite, un face \u00e0 face aura lieu entre <u>Carol Gilet<\/u>, r\u00e9alisateur et sc\u00e9nariste et votre serviteur. Un d\u00e9bat avec les personnes pr\u00e9sentes s\u2019en suivra. Ensuite, ce sera le moment des d\u00e9dicaces.<\/span><\/strong><\/p>\n<p style=\"font-size: 12pt;font-family: Cambria;text-align: center\"><strong><span style=\"font-size: 14pt\">N\u2019est-ce pas l\u00e0 une bonne occasion de nous retrouver en toute convivialit\u00e9&nbsp;? Vous \u00eates donc les bienvenus \u00e0 cette soir\u00e9e du <u>vendredi 12 mai, \u00e0 partir de 19h30<\/u>, \u00e0 la salle communale, place de l\u2019armistice \u00e0 Bois-de-Villers. Au terme de cette soir\u00e9e, le verre de l\u2019amiti\u00e9 sera offert par l\u2019administration communale de Profondeville.<\/span><\/strong><\/p>\n<p style=\"font-size: 12pt;font-family: Cambria;text-align: center\"><strong><span style=\"font-size: 14pt\">Bien \u00e0 vous<\/span><\/strong><\/p>\n<p style=\"font-size: 12pt;font-family: Cambria;text-align: center\"><strong><span style=\"font-size: 14pt\">Gaston<\/span><\/strong><\/p>\n<p style=\"text-align: center\"><a href=\"http:\/\/sptja.com\/media\/221423\/3626359699.jpg\" target=\"_blank\"><img decoding=\"async\" id=\"media-12195933\" style=\"margin: 0.7em 0\" title=\"\" src=\"http:\/\/sptja.com\/media\/221423\/2848088655.jpg\" alt=\"livre2017gaston henuzet gaston1henuzet.jpg\" \/><\/a><\/p>\n","protected":false},"excerpt":{"rendered":"<p>Bonjour \u00e0 vous toutes et tous, J&rsquo;ai le plaisir de vous inviter \u00e0 la soir\u00e9e litt\u00e9raire durant laquelle je pr\u00e9senterai mon roman \u00ab les p\u00e9tales de Ludwig&nbsp;\u00bb dans mon village, Bois-de-Villers. Un extrait du roman sera lu par Isabelle Demaret K\u00f6hler, animatrice de la biblioth\u00e8que d\u2019Yvoir et responsable de la biblioth\u00e8que Tatoulu. Cette lecture se &hellip; <\/p>\n<p class=\"link-more\"><a href=\"http:\/\/sptja.com\/culture\/2017\/05\/09\/soiree-litteraire-a-bois-de-villers\/\" class=\"more-link\">Continuer la lecture<span class=\"screen-reader-text\"> de &laquo;&nbsp;Soir\u00e9e litt\u00e9raire \u00e0 Bois-de-Villers&nbsp;&raquo;<\/span><\/a><\/p>\n","protected":false},"author":3,"featured_media":0,"comment_status":"closed","ping_status":"open","sticky":false,"template":"","format":"standard","meta":[],"categories":[23,21,13,2,11,33,39,10],"tags":[],"_links":{"self":[{"href":"http:\/\/sptja.com\/culture\/wp-json\/wp\/v2\/posts\/116"}],"collection":[{"href":"http:\/\/sptja.com\/culture\/wp-json\/wp\/v2\/posts"}],"about":[{"href":"http:\/\/sptja.com\/culture\/wp-json\/wp\/v2\/types\/post"}],"author":[{"embeddable":true,"href":"http:\/\/sptja.com\/culture\/wp-json\/wp\/v2\/users\/3"}],"replies":[{"embeddable":true,"href":"http:\/\/sptja.com\/culture\/wp-json\/wp\/v2\/comments?post=116"}],"version-history":[{"count":0,"href":"http:\/\/sptja.com\/culture\/wp-json\/wp\/v2\/posts\/116\/revisions"}],"wp:attachment":[{"href":"http:\/\/sptja.com\/culture\/wp-json\/wp\/v2\/media?parent=116"}],"wp:term":[{"taxonomy":"category","embeddable":true,"href":"http:\/\/sptja.com\/culture\/wp-json\/wp\/v2\/categories?post=116"},{"taxonomy":"post_tag","embeddable":true,"href":"http:\/\/sptja.com\/culture\/wp-json\/wp\/v2\/tags?post=116"}],"curies":[{"name":"wp","href":"https:\/\/api.w.org\/{rel}","templated":true}]}}