{"id":115,"date":"2017-04-29T19:41:58","date_gmt":"2017-04-29T17:41:58","guid":{"rendered":"http:\/\/sptja.com\/culture\/2017\/04\/29\/chers-lecteurs-et-sympathisants-de-la-bibliotheque-tatoulu-gaston-henuzet-les-petales-de-ludwig\/"},"modified":"2017-04-29T19:41:58","modified_gmt":"2017-04-29T17:41:58","slug":"chers-lecteurs-et-sympathisants-de-la-bibliotheque-tatoulu-gaston-henuzet-les-petales-de-ludwig","status":"publish","type":"post","link":"http:\/\/sptja.com\/culture\/2017\/04\/29\/chers-lecteurs-et-sympathisants-de-la-bibliotheque-tatoulu-gaston-henuzet-les-petales-de-ludwig\/","title":{"rendered":"Chers lecteurs et sympathisants de la biblioth\u00e8que TaTouLu Gaston H\u00e9nuzet  \u00ab\u00a0Les p\u00e9tales de Ludwig\u00a0\u00bb"},"content":{"rendered":"<p>&nbsp;<\/p>\n<blockquote style=\"padding-right: 0px;padding-left: 5px;margin-left: 5px;border-left: #000000 2px solid;margin-right: 0px\">\n<div dir=\"ltr\"><strong><span style=\"font-size: large\">Chers lecteurs et sympathisants de la biblioth\u00e8que TaTouLu,<\/span><\/strong><\/p>\n<div style=\"font-size: 12px;text-align: center\"><strong><span style=\"font-size: large\">&nbsp;<\/span><\/strong><\/div>\n<div style=\"font-size: 12px;text-align: center\"><strong><span style=\"font-size: large\">Je vous communique une invitation \u00e0 la soir\u00e9e litt\u00e9raire de ce vendredi 28 avril 2017 \u00e0 19h30 \u00e0 la biblioth\u00e8que de Godinne Yvoir.<\/span><\/strong><\/div>\n<div style=\"font-size: 12px;text-align: center\"><strong><span style=\"font-size: large\">Gaston H\u00e9nuzet, habitant de notre commune profondevilloise y pr\u00e9sentera son premier roman \u00ab\u00a0Les p\u00e9tales de Ludwig\u00a0\u00bb.<\/span><\/strong><\/div>\n<div style=\"font-size: 12px;text-align: center\"><strong><span style=\"font-size: large\">Il le pr\u00e9sentera \u00e9galement le 12 mai \u00e0 Bois-de-Villers<\/span>.<\/strong><\/div>\n<div style=\"font-size: 12px\">\n<p style=\"text-align: center\"><img decoding=\"async\" id=\"media-12186195\" style=\"margin: 0.7em 0\" title=\"\" src=\"http:\/\/sptja.com\/media\/221423\/4284081531.jpg\" alt=\"image gaston H\u00e9nuzet.jpg\" \/><\/p>\n<p style=\"text-align: center\">&nbsp;<\/p>\n<blockquote style=\"padding-right: 0px;padding-left: 5px;margin-left: 5px;border-left: #000000 2px solid;margin-right: 0px\">\n<div dir=\"ltr\">\n<div style=\"font-size: 12px\"><span style=\"font-size: large\"><strong>R\u00e9servation souhait\u00e9e.<\/strong><br \/><\/span><\/p>\n<div style=\"font-size: 12px;text-align: center\"><span style=\"font-size: large\"><br \/><strong>Reportage Canal C :&nbsp;<a href=\"http:\/\/www.canalc.be\/gaston-henuzet-2\/\" target=\"_blank\">http:\/\/www.canalc.be\/gaston-henuzet-2\/<\/a><\/strong><\/p>\n<p><strong><em>\u00a0\u00bb Gaston H\u00e9nuzet, ancien directeur du centre culturel de Sambreville, aujourd\u2019hui retrait\u00e9, sort son premier roman: \u00abLes p\u00e9tales de Ludwig\u00bb. Un livre inspir\u00e9 de son histoire familiale.<br \/>\u00abLes p\u00e9tales de Ludwig\u00bb, c\u2019est l\u2019histoire de trois fr\u00e8res, Georges, Raymond et Martin, qui se d\u00e9roule sur fond de Seconde Guerre mondiale. Au fil du r\u00e9cit, les trois fr\u00e8res s\u00e9par\u00e9s nous entra\u00eenent, en compagnie des personnes qu\u2019ils c\u00f4toient, qu\u2019ils rencontrent, dans une \u00e9pop\u00e9e faite de rebondissements et de questionnements. L\u00e0, en Wallonie, o\u00f9 la collaboration essentiellement rexiste provoque une v\u00e9ritable trag\u00e9die, l\u2019homme s\u2019y expose et r\u00e9v\u00e8le ouvertement sa vraie nature absurde, destructrice, mais aussi ambivalente. \u00a0\u00bb&nbsp;<\/em><\/strong><\/span><\/div>\n<\/div>\n<\/div>\n<\/blockquote>\n<p>&nbsp;<\/p>\n<\/div>\n<\/div>\n<\/blockquote>\n<p>&nbsp;<\/p>\n","protected":false},"excerpt":{"rendered":"<p>&nbsp; Chers lecteurs et sympathisants de la biblioth\u00e8que TaTouLu, &nbsp; Je vous communique une invitation \u00e0 la soir\u00e9e litt\u00e9raire de ce vendredi 28 avril 2017 \u00e0 19h30 \u00e0 la biblioth\u00e8que de Godinne Yvoir. Gaston H\u00e9nuzet, habitant de notre commune profondevilloise y pr\u00e9sentera son premier roman \u00ab\u00a0Les p\u00e9tales de Ludwig\u00a0\u00bb. Il le pr\u00e9sentera \u00e9galement le 12 &hellip; <\/p>\n<p class=\"link-more\"><a href=\"http:\/\/sptja.com\/culture\/2017\/04\/29\/chers-lecteurs-et-sympathisants-de-la-bibliotheque-tatoulu-gaston-henuzet-les-petales-de-ludwig\/\" class=\"more-link\">Continuer la lecture<span class=\"screen-reader-text\"> de &laquo;&nbsp;Chers lecteurs et sympathisants de la biblioth\u00e8que TaTouLu Gaston H\u00e9nuzet  \u00ab\u00a0Les p\u00e9tales de Ludwig\u00a0\u00bb&nbsp;&raquo;<\/span><\/a><\/p>\n","protected":false},"author":3,"featured_media":0,"comment_status":"closed","ping_status":"open","sticky":false,"template":"","format":"standard","meta":[],"categories":[38,21,52,14,13,40,2,11,29,10],"tags":[],"_links":{"self":[{"href":"http:\/\/sptja.com\/culture\/wp-json\/wp\/v2\/posts\/115"}],"collection":[{"href":"http:\/\/sptja.com\/culture\/wp-json\/wp\/v2\/posts"}],"about":[{"href":"http:\/\/sptja.com\/culture\/wp-json\/wp\/v2\/types\/post"}],"author":[{"embeddable":true,"href":"http:\/\/sptja.com\/culture\/wp-json\/wp\/v2\/users\/3"}],"replies":[{"embeddable":true,"href":"http:\/\/sptja.com\/culture\/wp-json\/wp\/v2\/comments?post=115"}],"version-history":[{"count":0,"href":"http:\/\/sptja.com\/culture\/wp-json\/wp\/v2\/posts\/115\/revisions"}],"wp:attachment":[{"href":"http:\/\/sptja.com\/culture\/wp-json\/wp\/v2\/media?parent=115"}],"wp:term":[{"taxonomy":"category","embeddable":true,"href":"http:\/\/sptja.com\/culture\/wp-json\/wp\/v2\/categories?post=115"},{"taxonomy":"post_tag","embeddable":true,"href":"http:\/\/sptja.com\/culture\/wp-json\/wp\/v2\/tags?post=115"}],"curies":[{"name":"wp","href":"https:\/\/api.w.org\/{rel}","templated":true}]}}