{"id":11,"date":"2013-12-01T17:08:51","date_gmt":"2013-12-01T16:08:51","guid":{"rendered":"http:\/\/sptja.com\/culture\/2013\/12\/01\/exposition-a-la-galerie-dartbre-en-decembre-2013\/"},"modified":"2013-12-01T17:08:51","modified_gmt":"2013-12-01T16:08:51","slug":"exposition-a-la-galerie-dartbre-en-decembre-2013","status":"publish","type":"post","link":"http:\/\/sptja.com\/culture\/2013\/12\/01\/exposition-a-la-galerie-dartbre-en-decembre-2013\/","title":{"rendered":"Exposition \u00e0 la Galerie d&rsquo;Art&rsquo;bre en d\u00e9cembre 2013"},"content":{"rendered":"<p style=\"text-align: center\"><img decoding=\"async\" id=\"media-10557885\" style=\"margin: 0.7em 0\" title=\"\" src=\"http:\/\/sptja.com\/media\/221423\/arbre20131207galerie1sptja.jpg\" alt=\"galerie, exposition, \" \/><\/p>\n<p style=\"text-align: center\">&nbsp;<\/p>\n<div style=\"text-align: justify;margin: 0px;font: 12px Helvetica\"><span class=\"Apple-style-span\" style=\"font-size: small\"> Le public pourra d\u00e9couvrir ou red\u00e9couvrir quelques artistes connus et reconnus dans leurs disciplines respectives et qui vous proposeront leurs \u0153uvres \u00e0 des prix cadeaux.<\/span><\/div>\n<div style=\"text-align: justify;margin: 0px;font: 12px Helvetica\"><span class=\"Apple-style-span\" style=\"font-size: small\">Vous pourrez les offrir ou vous les offrir.<\/span><\/div>\n<div style=\"text-align: justify;margin: 0px;min-height: 14px;font: 12px Helvetica\"><span class=\"Apple-style-span\" style=\"font-size: small\"><br \/><\/span><\/div>\n<div style=\"text-align: justify;margin: 0px;font: 12px Helvetica\"><span class=\"Apple-style-span\" style=\"font-size: small\">Il aura des aquarelles, des dessins, des peintures, de la calligraphie, des outils pr\u00e9historiques du patchwork, des sac, des portes-feuilles, des bracelets et ceintures en cuir, des photos et de l\u2019infographie, des \u0153ufs et des porcelaines d\u00e9cor\u00e9s, des bijoux en or, en argent, en papier en cuir &nbsp;mais aussi en porcelaine et en c\u00e9ramique, des dentelles contemporaines et du pliage textile, des c\u00e9ramiques animali\u00e8res, mais aussi d\u00e9coratives ou utilitaires en raku et en gr\u00e8s&#8230;<\/span><\/div>\n<div style=\"text-align: justify;margin: 0px;font: 12px Helvetica\"><strong><em><span class=\"Apple-style-span\" style=\"font-size: small\"><br \/><\/span><\/em><\/strong><\/div>\n<div style=\"text-align: justify;margin: 0px;font: 12px Helvetica\"><strong><em><span class=\"Apple-style-span\" style=\"font-size: small\">Les artistes pr\u00e9sents :<\/span><\/em><\/strong><\/div>\n<div style=\"text-align: justify;margin: 0px;min-height: 14px;font: 12px Helvetica\"><span class=\"Apple-style-span\" style=\"font-size: 6px\"><br \/><\/span><\/div>\n<div style=\"text-align: justify;margin: 0px;font: 12px Helvetica\"><strong><em><span class=\"Apple-style-span\" style=\"font-size: small\">Jos\u00e9 Binon, Dominique Camus,&nbsp;<\/span><\/em><\/strong><strong><em><span class=\"Apple-style-span\" style=\"font-size: small\">Anne Canneel,<\/span><\/em><\/strong><\/div>\n<div style=\"text-align: justify;margin: 0px;font: 12px Helvetica\"><strong><em><span class=\"Apple-style-span\" style=\"font-size: small\">Nadine Conreur, Anne, Aurore et Ma\u00eble Dahin,<\/span><\/em><\/strong><\/div>\n<div style=\"text-align: justify;margin: 0px;font: 12px Helvetica\"><strong><em><span class=\"Apple-style-span\" style=\"font-size: small\">Nadine Blanchard-Debeys, Clothilde Dohet, Jos\u00e9 Gietka,<\/span><\/em><\/strong><\/div>\n<div style=\"text-align: justify;margin: 0px;font: 12px Helvetica\"><strong><em><span class=\"Apple-style-span\" style=\"font-size: small\">Jean-Pierre Hendrickx,&nbsp;<\/span><\/em><\/strong><strong><em><span class=\"Apple-style-span\" style=\"font-size: small\">H\u00e9l\u00e8ne Lambert, Sindia Lark,<\/span><\/em><\/strong><\/div>\n<div style=\"text-align: justify;margin: 0px;font: 12px Helvetica\"><strong><em><span class=\"Apple-style-span\" style=\"font-size: small\">Nicole Olyff, Annie Pouleur,&nbsp;<\/span><\/em><\/strong><strong><em><span class=\"Apple-style-span\" style=\"font-size: small\">Laure Quittelier, Annie Renier,<\/span><\/em><\/strong><\/div>\n<div style=\"text-align: justify;margin: 0px;font: 12px Helvetica\"><strong><em><span class=\"Apple-style-span\" style=\"font-size: small\">Anne Schmitz, Fabienne S\u00e9leck, Ir\u00e8ne Tytgat. <br \/><\/span><\/em><\/strong><\/div>\n","protected":false},"excerpt":{"rendered":"<p>&nbsp; Le public pourra d\u00e9couvrir ou red\u00e9couvrir quelques artistes connus et reconnus dans leurs disciplines respectives et qui vous proposeront leurs \u0153uvres \u00e0 des prix cadeaux. Vous pourrez les offrir ou vous les offrir. Il aura des aquarelles, des dessins, des peintures, de la calligraphie, des outils pr\u00e9historiques du patchwork, des sac, des portes-feuilles, des &hellip; <\/p>\n<p class=\"link-more\"><a href=\"http:\/\/sptja.com\/culture\/2013\/12\/01\/exposition-a-la-galerie-dartbre-en-decembre-2013\/\" class=\"more-link\">Continuer la lecture<span class=\"screen-reader-text\"> de &laquo;&nbsp;Exposition \u00e0 la Galerie d&rsquo;Art&rsquo;bre en d\u00e9cembre 2013&nbsp;&raquo;<\/span><\/a><\/p>\n","protected":false},"author":3,"featured_media":0,"comment_status":"closed","ping_status":"open","sticky":false,"template":"","format":"standard","meta":[],"categories":[23,24,27,13,20,25,22,11,28,17,26,29,8,18,10],"tags":[],"_links":{"self":[{"href":"http:\/\/sptja.com\/culture\/wp-json\/wp\/v2\/posts\/11"}],"collection":[{"href":"http:\/\/sptja.com\/culture\/wp-json\/wp\/v2\/posts"}],"about":[{"href":"http:\/\/sptja.com\/culture\/wp-json\/wp\/v2\/types\/post"}],"author":[{"embeddable":true,"href":"http:\/\/sptja.com\/culture\/wp-json\/wp\/v2\/users\/3"}],"replies":[{"embeddable":true,"href":"http:\/\/sptja.com\/culture\/wp-json\/wp\/v2\/comments?post=11"}],"version-history":[{"count":0,"href":"http:\/\/sptja.com\/culture\/wp-json\/wp\/v2\/posts\/11\/revisions"}],"wp:attachment":[{"href":"http:\/\/sptja.com\/culture\/wp-json\/wp\/v2\/media?parent=11"}],"wp:term":[{"taxonomy":"category","embeddable":true,"href":"http:\/\/sptja.com\/culture\/wp-json\/wp\/v2\/categories?post=11"},{"taxonomy":"post_tag","embeddable":true,"href":"http:\/\/sptja.com\/culture\/wp-json\/wp\/v2\/tags?post=11"}],"curies":[{"name":"wp","href":"https:\/\/api.w.org\/{rel}","templated":true}]}}