{"id":104,"date":"2016-11-28T22:00:45","date_gmt":"2016-11-28T21:00:45","guid":{"rendered":"http:\/\/sptja.com\/culture\/2016\/11\/28\/teteche-folk-newsletter-n26-novembre-2016\/"},"modified":"2016-11-28T22:00:45","modified_gmt":"2016-11-28T21:00:45","slug":"teteche-folk-newsletter-n26-novembre-2016","status":"publish","type":"post","link":"http:\/\/sptja.com\/culture\/2016\/11\/28\/teteche-folk-newsletter-n26-novembre-2016\/","title":{"rendered":"TETECHE FOLK NEWSLETTER N\u00b026 novembre 2016"},"content":{"rendered":"<p style=\"text-align: center\"><span style=\"font-size: 14pt;font-family: 'Arial','sans-serif'\">Prochaine animation de T\u00e9t\u00eache Folk&nbsp;: le vendredi 2 d\u00e9cembre&nbsp;:<\/span><\/p>\n<ul style=\"text-align: center\">\n<li><span style=\"font-size: 14pt\"><span style=\"font-family: 'Arial','sans-serif'\">19 heures 30&nbsp;: <\/span><span style=\"font-family: 'Arial','sans-serif'\">atelier musical<\/span><span style=\"font-family: 'Arial','sans-serif'\">. Nous y travaillons les morceaux utilis\u00e9s dans l\u2019atelier danses. Il est ouvert \u00e0 tout musicien et \u00e0 tout instrument pourvu qu\u2019il soit acoustique. Les partitions et fichiers MIDI peuvent \u00eatre envoy\u00e9s sur simple demande.<\/span><\/span><\/li>\n<li><span style=\"font-size: 14pt\"><span style=\"font-family: 'Arial','sans-serif'\">20 heures 30&nbsp;: <\/span><span style=\"font-family: 'Arial','sans-serif'\">atelier danses folk<\/span><span style=\"font-family: 'Arial','sans-serif'\">: Nous y travaillerons la varsovienne (variante de la mazurka). L\u2019air de varsovienne le plus connu est \u00ab&nbsp;T\u2019as bu, Louis&nbsp;\u00bb.Nous verrons aussi une variante du \u00ab&nbsp;Tch\u00e8ron&nbsp;\u00bb. Il faut savoir que cette m\u00e9lodie est d\u2019origine anglaise, qu\u2019elle est tr\u00e8s jou\u00e9e dans outre Manche&nbsp;; elle y est connue sous le nom de \u00ab&nbsp;Galopede&nbsp;\u00bb. Si nous sommes assez nombreux, nous vous apprendrons \u00e9galement une forme de gigue en trois parties (48 mesures).<\/span><\/span><\/li>\n<\/ul>\n<p style=\"text-align: center\"><span style=\"font-size: 14pt;font-family: 'Arial','sans-serif'\">Nous esp\u00e9rons vous rencontrer nombreux \u00e0 cette soir\u00e9e. Ces derniers temps, nous n\u2019avons pas eu un public tr\u00e8s nombreux, ce qui pourrait, \u00e0 l\u2019avenir, mettre en p\u00e9ril le bon d\u00e9roulement de nos ateliers.<\/span><\/p>\n<p style=\"text-align: center\"><span style=\"font-size: 14pt;font-family: 'Arial','sans-serif'\">Si vous avez des suggestions \u00e0 nous faire en termes d\u2019organisation, de r\u00e9pertoire, faites-nous en part. Et nous acceptons aussi les critiques avec le sourire&nbsp;!<\/span><\/p>\n<p style=\"text-align: center\"><span style=\"font-size: 14pt\"><span style=\"font-family: 'Arial','sans-serif'\">Pour rappel, le concert de <\/span><span style=\"font-family: 'Arial','sans-serif'\">Transat Swing<\/span><span style=\"font-family: 'Arial','sans-serif'\"> pr\u00e9vu pour le 3 d\u00e9cembre est annul\u00e9.<\/span><\/span><\/p>\n<p style=\"text-align: center\"><span style=\"font-size: 14pt;font-family: 'Arial','sans-serif'\">&nbsp;<\/span><\/p>\n<p style=\"text-align: center\"><span style=\"font-size: 14pt;font-family: 'Arial','sans-serif'\">N\u2019oubliez pas de visiter notre site <a href=\"http:\/\/www.teteche-folk.be\">www.teteche-folk.be<\/a> <\/span><\/p>\n<p style=\"text-align: center\"><span style=\"font-size: 14pt\"><em><span style=\"font-family: 'Arial','sans-serif';color: #333333\">Salle \u00ab\u00a0La T\u00e9t\u00eache\u00a0\u00bb chauss\u00e9e de Dinant 180 \u00e0 Rivi\u00e8re.<\/span><\/em><\/span><\/p>\n<p style=\"text-align: center\"><span style=\"font-size: 14pt\"><span style=\"font-family: 'Arial','sans-serif'\">Contacts et renseignements<\/span><span style=\"font-family: 'Arial','sans-serif'\">&nbsp;: <\/span><\/span><\/p>\n<p style=\"text-align: center\"><span style=\"font-size: 14pt\"><span style=\"font-family: 'Arial','sans-serif'\">Jean-Pierre Wilmotte&nbsp;: 0494\/76.09.28<br \/> <\/span><a href=\"mailto:tetechefolk@gmail.com\"><span style=\"font-family: 'Arial','sans-serif'\">tetechefolk@gmail.com<\/span><\/a><span style=\"font-family: 'Arial','sans-serif'\"> &nbsp; <br \/> Facebook&nbsp;: Teteche Folk<br \/> <\/span><a href=\"http:\/\/www.teteche-folk.be\"><span style=\"font-family: 'Arial','sans-serif'\">www.teteche-folk.be<\/span><\/a><\/span><\/p>\n","protected":false},"excerpt":{"rendered":"<p>Prochaine animation de T\u00e9t\u00eache Folk&nbsp;: le vendredi 2 d\u00e9cembre&nbsp;: 19 heures 30&nbsp;: atelier musical. Nous y travaillons les morceaux utilis\u00e9s dans l\u2019atelier danses. Il est ouvert \u00e0 tout musicien et \u00e0 tout instrument pourvu qu\u2019il soit acoustique. Les partitions et fichiers MIDI peuvent \u00eatre envoy\u00e9s sur simple demande. 20 heures 30&nbsp;: atelier danses folk: Nous &hellip; <\/p>\n<p class=\"link-more\"><a href=\"http:\/\/sptja.com\/culture\/2016\/11\/28\/teteche-folk-newsletter-n26-novembre-2016\/\" class=\"more-link\">Continuer la lecture<span class=\"screen-reader-text\"> de &laquo;&nbsp;TETECHE FOLK NEWSLETTER N\u00b026 novembre 2016&nbsp;&raquo;<\/span><\/a><\/p>\n","protected":false},"author":3,"featured_media":0,"comment_status":"closed","ping_status":"open","sticky":false,"template":"","format":"standard","meta":[],"categories":[38,42,5,44,10],"tags":[],"_links":{"self":[{"href":"http:\/\/sptja.com\/culture\/wp-json\/wp\/v2\/posts\/104"}],"collection":[{"href":"http:\/\/sptja.com\/culture\/wp-json\/wp\/v2\/posts"}],"about":[{"href":"http:\/\/sptja.com\/culture\/wp-json\/wp\/v2\/types\/post"}],"author":[{"embeddable":true,"href":"http:\/\/sptja.com\/culture\/wp-json\/wp\/v2\/users\/3"}],"replies":[{"embeddable":true,"href":"http:\/\/sptja.com\/culture\/wp-json\/wp\/v2\/comments?post=104"}],"version-history":[{"count":0,"href":"http:\/\/sptja.com\/culture\/wp-json\/wp\/v2\/posts\/104\/revisions"}],"wp:attachment":[{"href":"http:\/\/sptja.com\/culture\/wp-json\/wp\/v2\/media?parent=104"}],"wp:term":[{"taxonomy":"category","embeddable":true,"href":"http:\/\/sptja.com\/culture\/wp-json\/wp\/v2\/categories?post=104"},{"taxonomy":"post_tag","embeddable":true,"href":"http:\/\/sptja.com\/culture\/wp-json\/wp\/v2\/tags?post=104"}],"curies":[{"name":"wp","href":"https:\/\/api.w.org\/{rel}","templated":true}]}}