{"id":100,"date":"2016-11-07T17:31:50","date_gmt":"2016-11-07T16:31:50","guid":{"rendered":"http:\/\/sptja.com\/culture\/2016\/11\/07\/teteche-folk-newsletter-n25-octobre-2016\/"},"modified":"2016-11-07T17:31:50","modified_gmt":"2016-11-07T16:31:50","slug":"teteche-folk-newsletter-n25-octobre-2016","status":"publish","type":"post","link":"http:\/\/sptja.com\/culture\/2016\/11\/07\/teteche-folk-newsletter-n25-octobre-2016\/","title":{"rendered":"TETECHE FOLK NEWSLETTER N\u00b025 octobre 2016"},"content":{"rendered":"<p style=\"text-align: center\"><strong><span style=\"font-size: 12pt;font-family: 'Arial','sans-serif'\">Prochaine animation de T\u00e9t\u00eache Folk&nbsp;: le vendredi 11 novembre&nbsp;:<\/span><\/strong><\/p>\n<ul style=\"text-align: center\">\n<li><strong><span style=\"font-size: 10pt;font-family: 'Arial','sans-serif'\">19 heures 30&nbsp;: <\/span><span style=\"font-size: 12pt;font-family: 'Arial','sans-serif'\">atelier musical<\/span><span style=\"font-size: 10pt;font-family: 'Arial','sans-serif'\">. Pour rappel, nous y travaillons les morceaux utilis\u00e9s dans l\u2019atelier danses. Il est ouvert \u00e0 tout musicien et \u00e0 tout instrument pourvu qu\u2019il soit acoustique. Les partitions et fichiers MIDI peuvent \u00eatre envoy\u00e9s sur simple demande.<\/span><\/strong><\/li>\n<li><strong><span style=\"font-size: 10pt;font-family: 'Arial','sans-serif'\">20 heures 30&nbsp;: <\/span><span style=\"font-size: 12pt;font-family: 'Arial','sans-serif'\">atelier danses folk<\/span><span style=\"font-size: 10pt;font-family: 'Arial','sans-serif'\">: Michel souhaite faire un travail sur les diff\u00e9rents types de bourr\u00e9es&nbsp;: danses standard, mais aussi certaines bourr\u00e9es \u00e0 figures, tant en deux qu\u2019en trois temps.<\/span><\/strong><\/li>\n<\/ul>\n<p style=\"text-align: center\"><strong><span style=\"font-size: 12pt;font-family: 'Arial','sans-serif'\">Attention<\/span><span style=\"font-size: 10pt;font-family: 'Arial','sans-serif'\">, en d\u00e9cembre, l\u2019animation aura lieu le 2 plut\u00f4t que le 9.<\/span><\/strong><\/p>\n<p style=\"text-align: center\"><strong><span style=\"font-size: 12pt;font-family: 'Arial','sans-serif'\">Site <a href=\"http:\/\/www.teteche-folk.be\">www.teteche-folk.be<\/a><\/span><span style=\"font-size: 10pt;font-family: 'Arial','sans-serif'\">&nbsp;: la semaine pass\u00e9e, nous avons re\u00e7u 205 visites ce qui n\u2019est pas mal pour un projet plut\u00f4t local. <br \/> En cliquant sur l\u2019onglet \u00ab&nbsp;photos&nbsp;\u00bb, vous y d\u00e9couvrirez quelques clich\u00e9s pris lors du concert de Salon Ambroisine et du bal de Epi Net Quartet le 15 octobre.<\/span><\/strong><\/p>\n<p style=\"text-align: center\"><strong><span style=\"font-size: 10pt;font-family: 'Arial','sans-serif'\">Le <\/span><span style=\"font-size: 12pt;font-family: 'Arial','sans-serif'\">concert de Salon Ambroisine<\/span><span style=\"font-size: 10pt;font-family: 'Arial','sans-serif'\"> fut un moment inoubliable&nbsp;: pr\u00e9sentation d\u2019un instrument souvent oubli\u00e9, mais qui fut nagu\u00e8re populaire en Wallonie&nbsp;: l\u2019\u00e9pinette. Ce concert fut suivi d\u2019un bal avec Epi Net Quartet. Malheureusement, le public n\u2019\u00e9tait pas tr\u00e8s nombreux ce qui risque de mettre en p\u00e9ril les projets de concerts futurs. Nous allons essayer de trouver un accord avec la commune de Profondeville afin d\u2019obtenir un tarif moins lourd sur les locations de salles. Dans les conditions actuelles, de tels concerts ne sont pas viables financi\u00e8rement.<\/span><\/strong><\/p>\n<p style=\"text-align: center\"><strong><span style=\"font-size: 10pt;font-family: 'Arial','sans-serif'\">Vous pouvez toujours visiter le site de Salon <\/span>Ambroisine (<span style=\"color: black\"><a href=\"http:\/\/www.salonambroisine.be\/\">www.salonambroisine.be<\/a><\/span>)<span style=\"font-size: 10pt;font-family: 'Arial','sans-serif'\"> et y commander leur nouveau CD \u00ab&nbsp;Tout simplement&nbsp;!&nbsp;\u00bb. Une musique ancr\u00e9e dans notre terroir, une approche artistique d\u2019aujourd\u2019hui sur un instrument de la tradition wallonne, une interpr\u00e9tation toute en finesse, en d\u00e9licatesse, des rythmes qui vous invitent \u00e0 la danse \u2026<\/span><\/strong><\/p>\n<p style=\"text-align: center\"><strong><span style=\"font-size: 10pt;font-family: 'Arial','sans-serif'\">Veuillez aussi noter que, vu ces circonstances, le concert de <\/span><span style=\"font-size: 12pt;font-family: 'Arial','sans-serif'\">Transat Swing<\/span><span style=\"font-size: 10pt;font-family: 'Arial','sans-serif'\"> pr\u00e9vu pour le 3 d\u00e9cembre a \u00e9t\u00e9 annul\u00e9.<\/span><\/strong><\/p>\n<p style=\"text-align: center\"><strong><span style=\"font-size: 10pt;font-family: 'Arial','sans-serif'\">Une <\/span><span style=\"font-size: 12pt;font-family: 'Arial','sans-serif'\">reconnaissance par la commune<\/span><span style=\"font-size: 10pt;font-family: 'Arial','sans-serif'\"> en tant qu\u2019organisation culturelle de l\u2019entit\u00e9 est actuellement possible. Pour se faire, un <\/span><span style=\"font-size: 12pt;font-family: 'Arial','sans-serif'\">comit\u00e9<\/span><span style=\"font-size: 10pt;font-family: 'Arial','sans-serif'\"> doit \u00eatre mis sur pied (avec pr\u00e9sident, secr\u00e9taire et tr\u00e9sorier). Strat\u00e9giquement, ce comit\u00e9 devrait \u00eatre constitu\u00e9 de personnes domicili\u00e9es sur le territoire de Profondeville. Si vous souhaitez vous y investir (le travail ne sera pas bien lourd), faites-le moi savoir. Un dossier sera, dans les prochains jours, \u00eatre d\u00e9pos\u00e9 aupr\u00e8s des services communaux.<\/span><\/strong><\/p>\n<p style=\"text-align: center\"><strong><span style=\"font-size: 10pt;font-family: 'Arial','sans-serif'\">N\u2019h\u00e9sitez pas \u00e0 nous rejoindre le vendredi 11 novembre. Aucun pr\u00e9requis n\u2019est demand\u00e9 aux participants. Venez donc passer quelques bons moments de rencontre et de convivialit\u00e9 avec nous.<\/span><\/strong><\/p>\n<p style=\"text-align: center\"><strong><span style=\"font-size: 10pt;font-family: 'Arial','sans-serif'\">&nbsp;N\u2019oubliez pas de visiter notre site <a href=\"http:\/\/www.teteche-folk.be\">www.teteche-folk.be<\/a> <\/span><\/strong><\/p>\n<p style=\"text-align: center\"><strong><em><span style=\"font-size: 10pt;font-family: 'Arial','sans-serif';color: #333333\">Salle \u00ab\u00a0La T\u00e9t\u00eache\u00a0\u00bb chauss\u00e9e de Dinant 180 \u00e0 Rivi\u00e8re.<\/span><\/em><\/strong><\/p>\n<p style=\"text-align: center\"><strong><span style=\"font-size: 10pt;font-family: 'Arial','sans-serif'\">Contacts et renseignements<\/span><span style=\"font-size: 10pt;font-family: 'Arial','sans-serif'\">&nbsp;: <\/span><\/strong><\/p>\n<p style=\"text-align: center\"><strong><span style=\"font-size: 10pt;font-family: 'Arial','sans-serif'\">Jean-Pierre Wilmotte&nbsp;: 0494\/76.09.28<br \/> <\/span><a href=\"mailto:tetechefolk@gmail.com\"><span style=\"font-size: 10pt;font-family: 'Arial','sans-serif'\">tetechefolk@gmail.com<\/span><\/a><span style=\"font-size: 10pt;font-family: 'Arial','sans-serif'\"> &nbsp; <br \/> Facebook&nbsp;: Teteche Folk<br \/> <\/span><a href=\"http:\/\/www.teteche-folk.be\"><span style=\"font-size: 10pt;font-family: 'Arial','sans-serif'\">www.teteche-folk.be<\/span><\/a><\/strong><\/p>\n","protected":false},"excerpt":{"rendered":"<p>Prochaine animation de T\u00e9t\u00eache Folk&nbsp;: le vendredi 11 novembre&nbsp;: 19 heures 30&nbsp;: atelier musical. Pour rappel, nous y travaillons les morceaux utilis\u00e9s dans l\u2019atelier danses. Il est ouvert \u00e0 tout musicien et \u00e0 tout instrument pourvu qu\u2019il soit acoustique. Les partitions et fichiers MIDI peuvent \u00eatre envoy\u00e9s sur simple demande. 20 heures 30&nbsp;: atelier danses &hellip; <\/p>\n<p class=\"link-more\"><a href=\"http:\/\/sptja.com\/culture\/2016\/11\/07\/teteche-folk-newsletter-n25-octobre-2016\/\" class=\"more-link\">Continuer la lecture<span class=\"screen-reader-text\"> de &laquo;&nbsp;TETECHE FOLK NEWSLETTER N\u00b025 octobre 2016&nbsp;&raquo;<\/span><\/a><\/p>\n","protected":false},"author":3,"featured_media":0,"comment_status":"closed","ping_status":"open","sticky":false,"template":"","format":"standard","meta":[],"categories":[23,38,13,42,11,5,39,36,44,10],"tags":[],"_links":{"self":[{"href":"http:\/\/sptja.com\/culture\/wp-json\/wp\/v2\/posts\/100"}],"collection":[{"href":"http:\/\/sptja.com\/culture\/wp-json\/wp\/v2\/posts"}],"about":[{"href":"http:\/\/sptja.com\/culture\/wp-json\/wp\/v2\/types\/post"}],"author":[{"embeddable":true,"href":"http:\/\/sptja.com\/culture\/wp-json\/wp\/v2\/users\/3"}],"replies":[{"embeddable":true,"href":"http:\/\/sptja.com\/culture\/wp-json\/wp\/v2\/comments?post=100"}],"version-history":[{"count":0,"href":"http:\/\/sptja.com\/culture\/wp-json\/wp\/v2\/posts\/100\/revisions"}],"wp:attachment":[{"href":"http:\/\/sptja.com\/culture\/wp-json\/wp\/v2\/media?parent=100"}],"wp:term":[{"taxonomy":"category","embeddable":true,"href":"http:\/\/sptja.com\/culture\/wp-json\/wp\/v2\/categories?post=100"},{"taxonomy":"post_tag","embeddable":true,"href":"http:\/\/sptja.com\/culture\/wp-json\/wp\/v2\/tags?post=100"}],"curies":[{"name":"wp","href":"https:\/\/api.w.org\/{rel}","templated":true}]}}